{"id":2431,"date":"2025-07-14T13:18:47","date_gmt":"2025-07-14T19:18:47","guid":{"rendered":"https:\/\/puertoacapulco.com.mx\/?p=2431"},"modified":"2025-07-14T13:18:48","modified_gmt":"2025-07-14T19:18:48","slug":"reunion-de-cortesia-entre-autoridades-japonesas-y-mexicanas-en-asipona-acapulco","status":"publish","type":"post","link":"https:\/\/puertoacapulco.com.mx\/index.php\/2025\/07\/14\/reunion-de-cortesia-entre-autoridades-japonesas-y-mexicanas-en-asipona-acapulco\/","title":{"rendered":"Reuni\u00f3n de cortes\u00eda entre autoridades japonesas y mexicanas en ASIPONA Acapulco"},"content":{"rendered":"\n<p style=\"text-align: justify; text-transform: none;\">La Administraci\u00f3n del Sistema Portuario Nacional Acapulco (ASIPONA Acapulco) llev\u00f3 a cabo una reuni\u00f3n de cortes\u00eda con motivo de la visita de la flota de entrenamiento de la Fuerza Mar\u00edtima de Autodefensa del Jap\u00f3n al Puerto de Acapulco.<\/p>\n\n\n\n<figure class=\"wp-block-image size-large\"><img loading=\"lazy\" decoding=\"async\" width=\"1024\" height=\"768\" src=\"https:\/\/puertoacapulco.com.mx\/wp-content\/uploads\/2025\/07\/imagen1-1024x768.jpeg\" alt=\"\" class=\"wp-image-2434\" srcset=\"https:\/\/puertoacapulco.com.mx\/wp-content\/uploads\/2025\/07\/imagen1-1024x768.jpeg 1024w, https:\/\/puertoacapulco.com.mx\/wp-content\/uploads\/2025\/07\/imagen1-300x225.jpeg 300w, https:\/\/puertoacapulco.com.mx\/wp-content\/uploads\/2025\/07\/imagen1-768x576.jpeg 768w, https:\/\/puertoacapulco.com.mx\/wp-content\/uploads\/2025\/07\/imagen1-1536x1152.jpeg 1536w, https:\/\/puertoacapulco.com.mx\/wp-content\/uploads\/2025\/07\/imagen1-2048x1536.jpeg 2048w\" sizes=\"auto, (max-width: 1024px) 100vw, 1024px\" \/><\/figure>\n\n\n\n<p style=\"text-align: justify; text-transform: none;\">Durante el encuentro, se realiz\u00f3 un intercambio protocolario de palabras, presentes y metopas entre autoridades civiles, navales y diplom\u00e1ticas de ambos pa\u00edses, como muestra del respeto mutuo y la voluntad de cooperaci\u00f3n entre Jap\u00f3n y M\u00e9xico.<\/p>\n\n\n\n<figure class=\"wp-block-image size-large\"><img loading=\"lazy\" decoding=\"async\" width=\"1024\" height=\"768\" src=\"https:\/\/puertoacapulco.com.mx\/wp-content\/uploads\/2025\/07\/imagen2-1-1024x768.jpeg\" alt=\"\" class=\"wp-image-2433\" srcset=\"https:\/\/puertoacapulco.com.mx\/wp-content\/uploads\/2025\/07\/imagen2-1-1024x768.jpeg 1024w, https:\/\/puertoacapulco.com.mx\/wp-content\/uploads\/2025\/07\/imagen2-1-300x225.jpeg 300w, https:\/\/puertoacapulco.com.mx\/wp-content\/uploads\/2025\/07\/imagen2-1-768x576.jpeg 768w, https:\/\/puertoacapulco.com.mx\/wp-content\/uploads\/2025\/07\/imagen2-1-1536x1152.jpeg 1536w, https:\/\/puertoacapulco.com.mx\/wp-content\/uploads\/2025\/07\/imagen2-1-2048x1536.jpeg 2048w\" sizes=\"auto, (max-width: 1024px) 100vw, 1024px\" \/><\/figure>\n\n\n\n<p style=\"text-align: justify; text-transform: none;\">Entre los participantes destacados en la reuni\u00f3n estuvieron el Vicealmirante Raymundo S\u00e1nchez L\u00f3pez, Director General de la ASIPONA Acapulco; el Capit\u00e1n de Puerto de Acapulco; representantes de la Embajada del Jap\u00f3n en M\u00e9xico; autoridades de esta administraci\u00f3n portuaria, y el Capit\u00e1n de Nav\u00edo IKEDA Tadashi, comandante del buque escuela japon\u00e9s JS Kashima.<\/p>\n\n\n\n<figure class=\"wp-block-image size-large\"><img loading=\"lazy\" decoding=\"async\" width=\"1024\" height=\"768\" src=\"https:\/\/puertoacapulco.com.mx\/wp-content\/uploads\/2025\/07\/imagen3-1-1024x768.jpg\" alt=\"\" class=\"wp-image-2437\" srcset=\"https:\/\/puertoacapulco.com.mx\/wp-content\/uploads\/2025\/07\/imagen3-1-1024x768.jpg 1024w, https:\/\/puertoacapulco.com.mx\/wp-content\/uploads\/2025\/07\/imagen3-1-300x225.jpg 300w, https:\/\/puertoacapulco.com.mx\/wp-content\/uploads\/2025\/07\/imagen3-1-768x576.jpg 768w, https:\/\/puertoacapulco.com.mx\/wp-content\/uploads\/2025\/07\/imagen3-1-1536x1152.jpg 1536w, https:\/\/puertoacapulco.com.mx\/wp-content\/uploads\/2025\/07\/imagen3-1-2048x1536.jpg 2048w\" sizes=\"auto, (max-width: 1024px) 100vw, 1024px\" \/><\/figure>\n\n\n\n<p style=\"text-align: justify; text-transform: none;\">Este tipo de encuentros fortalece las relaciones bilaterales y fomenta el entendimiento mutuo, en el marco de la visita oficial de la escuadra japonesa al puerto como parte del Ejercicio de Navegaci\u00f3n Mar\u00edtima en Ultramar 2025.<\/p>\n\n\n\n<figure class=\"wp-block-image size-large\"><img loading=\"lazy\" decoding=\"async\" width=\"1024\" height=\"768\" src=\"https:\/\/puertoacapulco.com.mx\/wp-content\/uploads\/2025\/07\/imagen4-1024x768.jpeg\" alt=\"\" class=\"wp-image-2438\" srcset=\"https:\/\/puertoacapulco.com.mx\/wp-content\/uploads\/2025\/07\/imagen4-1024x768.jpeg 1024w, https:\/\/puertoacapulco.com.mx\/wp-content\/uploads\/2025\/07\/imagen4-300x225.jpeg 300w, https:\/\/puertoacapulco.com.mx\/wp-content\/uploads\/2025\/07\/imagen4-768x576.jpeg 768w, https:\/\/puertoacapulco.com.mx\/wp-content\/uploads\/2025\/07\/imagen4-1536x1152.jpeg 1536w, https:\/\/puertoacapulco.com.mx\/wp-content\/uploads\/2025\/07\/imagen4-2048x1536.jpeg 2048w\" sizes=\"auto, (max-width: 1024px) 100vw, 1024px\" \/><\/figure>\n\n\n\n<p style=\"text-align: justify; text-transform: none;\">ASIPONA Acapulco agradece la distinguida presencia de todos los asistentes, reiterando su compromiso con la promoci\u00f3n del di\u00e1logo y la colaboraci\u00f3n internacional en el \u00e1mbito portuario y naval.<\/p>\n","protected":false},"excerpt":{"rendered":"<p>La Administraci\u00f3n del Sistema Portuario Nacional Acapulco (ASIPONA Acapulco) llev\u00f3 a cabo una reuni\u00f3n de cortes\u00eda con motivo de la<\/p>\n","protected":false},"author":4,"featured_media":2437,"comment_status":"closed","ping_status":"closed","sticky":false,"template":"","format":"standard","meta":{"colormag_page_container_layout":"default_layout","colormag_page_sidebar_layout":"default_layout","footnotes":""},"categories":[1],"tags":[],"class_list":["post-2431","post","type-post","status-publish","format-standard","has-post-thumbnail","hentry","category-blog"],"aioseo_notices":[],"aioseo_head":"\n\t\t<!-- All in One SEO 4.9.10 - aioseo.com -->\n\t<meta name=\"description\" content=\"La Administraci\u00f3n del Sistema Portuario Nacional Acapulco (ASIPONA Acapulco) llev\u00f3 a cabo una reuni\u00f3n de cortes\u00eda con motivo de la visita de la flota de entrenamiento de la Fuerza Mar\u00edtima de Autodefensa del Jap\u00f3n al Puerto de Acapulco. Durante el encuentro, se realiz\u00f3 un intercambio protocolario de palabras, presentes y metopas entre autoridades civiles, navales\" \/>\n\t<meta name=\"robots\" content=\"max-image-preview:large\" \/>\n\t<meta name=\"author\" content=\"asalinas\"\/>\n\t<link rel=\"canonical\" href=\"https:\/\/puertoacapulco.com.mx\/index.php\/2025\/07\/14\/reunion-de-cortesia-entre-autoridades-japonesas-y-mexicanas-en-asipona-acapulco\/\" \/>\n\t<meta name=\"generator\" content=\"All in One SEO (AIOSEO) 4.9.10\" \/>\n\t\t<meta property=\"og:locale\" content=\"es_ES\" \/>\n\t\t<meta property=\"og:site_name\" content=\"ASIPONA ACAPULCO - Administraci\u00f3n del Sistema Portuario Nacional Acapulco, S.A. de C.V.\" \/>\n\t\t<meta property=\"og:type\" content=\"article\" \/>\n\t\t<meta property=\"og:title\" content=\"Reuni\u00f3n de cortes\u00eda entre autoridades japonesas y mexicanas en ASIPONA Acapulco - ASIPONA ACAPULCO\" \/>\n\t\t<meta property=\"og:description\" content=\"La Administraci\u00f3n del Sistema Portuario Nacional Acapulco (ASIPONA Acapulco) llev\u00f3 a cabo una reuni\u00f3n de cortes\u00eda con motivo de la visita de la flota de entrenamiento de la Fuerza Mar\u00edtima de Autodefensa del Jap\u00f3n al Puerto de Acapulco. Durante el encuentro, se realiz\u00f3 un intercambio protocolario de palabras, presentes y metopas entre autoridades civiles, navales\" \/>\n\t\t<meta property=\"og:url\" content=\"https:\/\/puertoacapulco.com.mx\/index.php\/2025\/07\/14\/reunion-de-cortesia-entre-autoridades-japonesas-y-mexicanas-en-asipona-acapulco\/\" \/>\n\t\t<meta property=\"og:image\" content=\"https:\/\/puertoacapulco.com.mx\/wp-content\/uploads\/2023\/09\/cropped-cropped-Captura-de-pantalla-2023-09-04-105114.png\" \/>\n\t\t<meta property=\"og:image:secure_url\" content=\"https:\/\/puertoacapulco.com.mx\/wp-content\/uploads\/2023\/09\/cropped-cropped-Captura-de-pantalla-2023-09-04-105114.png\" \/>\n\t\t<meta property=\"og:image:width\" content=\"151\" \/>\n\t\t<meta property=\"og:image:height\" content=\"55\" \/>\n\t\t<meta property=\"article:published_time\" content=\"2025-07-14T19:18:47+00:00\" \/>\n\t\t<meta property=\"article:modified_time\" content=\"2025-07-14T19:18:48+00:00\" \/>\n\t\t<meta name=\"twitter:card\" content=\"summary_large_image\" \/>\n\t\t<meta name=\"twitter:title\" content=\"Reuni\u00f3n de cortes\u00eda entre autoridades japonesas y mexicanas en ASIPONA Acapulco - ASIPONA ACAPULCO\" \/>\n\t\t<meta name=\"twitter:description\" content=\"La Administraci\u00f3n del Sistema Portuario Nacional Acapulco (ASIPONA Acapulco) llev\u00f3 a cabo una reuni\u00f3n de cortes\u00eda con motivo de la visita de la flota de entrenamiento de la Fuerza Mar\u00edtima de Autodefensa del Jap\u00f3n al Puerto de Acapulco. Durante el encuentro, se realiz\u00f3 un intercambio protocolario de palabras, presentes y metopas entre autoridades civiles, navales\" \/>\n\t\t<meta name=\"twitter:image\" content=\"https:\/\/puertoacapulco.com.mx\/wp-content\/uploads\/2023\/09\/cropped-cropped-Captura-de-pantalla-2023-09-04-105114.png\" \/>\n\t\t<script type=\"application\/ld+json\" class=\"aioseo-schema\">\n\t\t\t{\"@context\":\"https:\\\/\\\/schema.org\",\"@graph\":[{\"@type\":\"BlogPosting\",\"@id\":\"https:\\\/\\\/puertoacapulco.com.mx\\\/index.php\\\/2025\\\/07\\\/14\\\/reunion-de-cortesia-entre-autoridades-japonesas-y-mexicanas-en-asipona-acapulco\\\/#blogposting\",\"name\":\"Reuni\\u00f3n de cortes\\u00eda entre autoridades japonesas y mexicanas en ASIPONA Acapulco - ASIPONA ACAPULCO\",\"headline\":\"Reuni\\u00f3n de cortes\\u00eda entre autoridades japonesas y mexicanas en ASIPONA Acapulco\",\"author\":{\"@id\":\"https:\\\/\\\/puertoacapulco.com.mx\\\/index.php\\\/author\\\/asalinas\\\/#author\"},\"publisher\":{\"@id\":\"https:\\\/\\\/puertoacapulco.com.mx\\\/#organization\"},\"image\":{\"@type\":\"ImageObject\",\"url\":\"https:\\\/\\\/puertoacapulco.com.mx\\\/wp-content\\\/uploads\\\/2025\\\/07\\\/imagen3-1-scaled.jpg\",\"width\":2560,\"height\":1920},\"datePublished\":\"2025-07-14T13:18:47-06:00\",\"dateModified\":\"2025-07-14T13:18:48-06:00\",\"inLanguage\":\"es-ES\",\"mainEntityOfPage\":{\"@id\":\"https:\\\/\\\/puertoacapulco.com.mx\\\/index.php\\\/2025\\\/07\\\/14\\\/reunion-de-cortesia-entre-autoridades-japonesas-y-mexicanas-en-asipona-acapulco\\\/#webpage\"},\"isPartOf\":{\"@id\":\"https:\\\/\\\/puertoacapulco.com.mx\\\/index.php\\\/2025\\\/07\\\/14\\\/reunion-de-cortesia-entre-autoridades-japonesas-y-mexicanas-en-asipona-acapulco\\\/#webpage\"},\"articleSection\":\"Blog\"},{\"@type\":\"BreadcrumbList\",\"@id\":\"https:\\\/\\\/puertoacapulco.com.mx\\\/index.php\\\/2025\\\/07\\\/14\\\/reunion-de-cortesia-entre-autoridades-japonesas-y-mexicanas-en-asipona-acapulco\\\/#breadcrumblist\",\"itemListElement\":[{\"@type\":\"ListItem\",\"@id\":\"https:\\\/\\\/puertoacapulco.com.mx#listItem\",\"position\":1,\"name\":\"Home\",\"item\":\"https:\\\/\\\/puertoacapulco.com.mx\",\"nextItem\":{\"@type\":\"ListItem\",\"@id\":\"https:\\\/\\\/puertoacapulco.com.mx\\\/index.php\\\/category\\\/blog\\\/#listItem\",\"name\":\"Blog\"}},{\"@type\":\"ListItem\",\"@id\":\"https:\\\/\\\/puertoacapulco.com.mx\\\/index.php\\\/category\\\/blog\\\/#listItem\",\"position\":2,\"name\":\"Blog\",\"item\":\"https:\\\/\\\/puertoacapulco.com.mx\\\/index.php\\\/category\\\/blog\\\/\",\"nextItem\":{\"@type\":\"ListItem\",\"@id\":\"https:\\\/\\\/puertoacapulco.com.mx\\\/index.php\\\/2025\\\/07\\\/14\\\/reunion-de-cortesia-entre-autoridades-japonesas-y-mexicanas-en-asipona-acapulco\\\/#listItem\",\"name\":\"Reuni\\u00f3n de cortes\\u00eda entre autoridades japonesas y mexicanas en ASIPONA Acapulco\"},\"previousItem\":{\"@type\":\"ListItem\",\"@id\":\"https:\\\/\\\/puertoacapulco.com.mx#listItem\",\"name\":\"Home\"}},{\"@type\":\"ListItem\",\"@id\":\"https:\\\/\\\/puertoacapulco.com.mx\\\/index.php\\\/2025\\\/07\\\/14\\\/reunion-de-cortesia-entre-autoridades-japonesas-y-mexicanas-en-asipona-acapulco\\\/#listItem\",\"position\":3,\"name\":\"Reuni\\u00f3n de cortes\\u00eda entre autoridades japonesas y mexicanas en ASIPONA Acapulco\",\"previousItem\":{\"@type\":\"ListItem\",\"@id\":\"https:\\\/\\\/puertoacapulco.com.mx\\\/index.php\\\/category\\\/blog\\\/#listItem\",\"name\":\"Blog\"}}]},{\"@type\":\"Organization\",\"@id\":\"https:\\\/\\\/puertoacapulco.com.mx\\\/#organization\",\"name\":\"ASIPONA ACAPULCO\",\"description\":\"Administraci\\u00f3n del Sistema Portuario Nacional Acapulco, S.A. de C.V.\",\"url\":\"https:\\\/\\\/puertoacapulco.com.mx\\\/\"},{\"@type\":\"Person\",\"@id\":\"https:\\\/\\\/puertoacapulco.com.mx\\\/index.php\\\/author\\\/asalinas\\\/#author\",\"url\":\"https:\\\/\\\/puertoacapulco.com.mx\\\/index.php\\\/author\\\/asalinas\\\/\",\"name\":\"asalinas\",\"image\":{\"@type\":\"ImageObject\",\"@id\":\"https:\\\/\\\/puertoacapulco.com.mx\\\/index.php\\\/2025\\\/07\\\/14\\\/reunion-de-cortesia-entre-autoridades-japonesas-y-mexicanas-en-asipona-acapulco\\\/#authorImage\",\"url\":\"https:\\\/\\\/secure.gravatar.com\\\/avatar\\\/b6c055081f3c0f1451ecb6825bcb3fe72b9f2ab11e1ae4208d86f5cc44d4afe3?s=96&d=mm&r=g\",\"width\":96,\"height\":96,\"caption\":\"asalinas\"}},{\"@type\":\"WebPage\",\"@id\":\"https:\\\/\\\/puertoacapulco.com.mx\\\/index.php\\\/2025\\\/07\\\/14\\\/reunion-de-cortesia-entre-autoridades-japonesas-y-mexicanas-en-asipona-acapulco\\\/#webpage\",\"url\":\"https:\\\/\\\/puertoacapulco.com.mx\\\/index.php\\\/2025\\\/07\\\/14\\\/reunion-de-cortesia-entre-autoridades-japonesas-y-mexicanas-en-asipona-acapulco\\\/\",\"name\":\"Reuni\\u00f3n de cortes\\u00eda entre autoridades japonesas y mexicanas en ASIPONA Acapulco - ASIPONA ACAPULCO\",\"description\":\"La Administraci\\u00f3n del Sistema Portuario Nacional Acapulco (ASIPONA Acapulco) llev\\u00f3 a cabo una reuni\\u00f3n de cortes\\u00eda con motivo de la visita de la flota de entrenamiento de la Fuerza Mar\\u00edtima de Autodefensa del Jap\\u00f3n al Puerto de Acapulco. Durante el encuentro, se realiz\\u00f3 un intercambio protocolario de palabras, presentes y metopas entre autoridades civiles, navales\",\"inLanguage\":\"es-ES\",\"isPartOf\":{\"@id\":\"https:\\\/\\\/puertoacapulco.com.mx\\\/#website\"},\"breadcrumb\":{\"@id\":\"https:\\\/\\\/puertoacapulco.com.mx\\\/index.php\\\/2025\\\/07\\\/14\\\/reunion-de-cortesia-entre-autoridades-japonesas-y-mexicanas-en-asipona-acapulco\\\/#breadcrumblist\"},\"author\":{\"@id\":\"https:\\\/\\\/puertoacapulco.com.mx\\\/index.php\\\/author\\\/asalinas\\\/#author\"},\"creator\":{\"@id\":\"https:\\\/\\\/puertoacapulco.com.mx\\\/index.php\\\/author\\\/asalinas\\\/#author\"},\"image\":{\"@type\":\"ImageObject\",\"url\":\"https:\\\/\\\/puertoacapulco.com.mx\\\/wp-content\\\/uploads\\\/2025\\\/07\\\/imagen3-1-scaled.jpg\",\"@id\":\"https:\\\/\\\/puertoacapulco.com.mx\\\/index.php\\\/2025\\\/07\\\/14\\\/reunion-de-cortesia-entre-autoridades-japonesas-y-mexicanas-en-asipona-acapulco\\\/#mainImage\",\"width\":2560,\"height\":1920},\"primaryImageOfPage\":{\"@id\":\"https:\\\/\\\/puertoacapulco.com.mx\\\/index.php\\\/2025\\\/07\\\/14\\\/reunion-de-cortesia-entre-autoridades-japonesas-y-mexicanas-en-asipona-acapulco\\\/#mainImage\"},\"datePublished\":\"2025-07-14T13:18:47-06:00\",\"dateModified\":\"2025-07-14T13:18:48-06:00\"},{\"@type\":\"WebSite\",\"@id\":\"https:\\\/\\\/puertoacapulco.com.mx\\\/#website\",\"url\":\"https:\\\/\\\/puertoacapulco.com.mx\\\/\",\"name\":\"ASIPONA ACAPULCO\",\"description\":\"Administraci\\u00f3n del Sistema Portuario Nacional Acapulco, S.A. de C.V.\",\"inLanguage\":\"es-ES\",\"publisher\":{\"@id\":\"https:\\\/\\\/puertoacapulco.com.mx\\\/#organization\"}}]}\n\t\t<\/script>\n\t\t<!-- All in One SEO -->\n\n","aioseo_head_json":{"title":"Reuni\u00f3n de cortes\u00eda entre autoridades japonesas y mexicanas en ASIPONA Acapulco - ASIPONA ACAPULCO","description":"La Administraci\u00f3n del Sistema Portuario Nacional Acapulco (ASIPONA Acapulco) llev\u00f3 a cabo una reuni\u00f3n de cortes\u00eda con motivo de la visita de la flota de entrenamiento de la Fuerza Mar\u00edtima de Autodefensa del Jap\u00f3n al Puerto de Acapulco. Durante el encuentro, se realiz\u00f3 un intercambio protocolario de palabras, presentes y metopas entre autoridades civiles, navales","canonical_url":"https:\/\/puertoacapulco.com.mx\/index.php\/2025\/07\/14\/reunion-de-cortesia-entre-autoridades-japonesas-y-mexicanas-en-asipona-acapulco\/","robots":"max-image-preview:large","keywords":"","webmasterTools":{"miscellaneous":""},"schema":{"@context":"https:\/\/schema.org","@graph":[{"@type":"BlogPosting","@id":"https:\/\/puertoacapulco.com.mx\/index.php\/2025\/07\/14\/reunion-de-cortesia-entre-autoridades-japonesas-y-mexicanas-en-asipona-acapulco\/#blogposting","name":"Reuni\u00f3n de cortes\u00eda entre autoridades japonesas y mexicanas en ASIPONA Acapulco - ASIPONA ACAPULCO","headline":"Reuni\u00f3n de cortes\u00eda entre autoridades japonesas y mexicanas en ASIPONA Acapulco","author":{"@id":"https:\/\/puertoacapulco.com.mx\/index.php\/author\/asalinas\/#author"},"publisher":{"@id":"https:\/\/puertoacapulco.com.mx\/#organization"},"image":{"@type":"ImageObject","url":"https:\/\/puertoacapulco.com.mx\/wp-content\/uploads\/2025\/07\/imagen3-1-scaled.jpg","width":2560,"height":1920},"datePublished":"2025-07-14T13:18:47-06:00","dateModified":"2025-07-14T13:18:48-06:00","inLanguage":"es-ES","mainEntityOfPage":{"@id":"https:\/\/puertoacapulco.com.mx\/index.php\/2025\/07\/14\/reunion-de-cortesia-entre-autoridades-japonesas-y-mexicanas-en-asipona-acapulco\/#webpage"},"isPartOf":{"@id":"https:\/\/puertoacapulco.com.mx\/index.php\/2025\/07\/14\/reunion-de-cortesia-entre-autoridades-japonesas-y-mexicanas-en-asipona-acapulco\/#webpage"},"articleSection":"Blog"},{"@type":"BreadcrumbList","@id":"https:\/\/puertoacapulco.com.mx\/index.php\/2025\/07\/14\/reunion-de-cortesia-entre-autoridades-japonesas-y-mexicanas-en-asipona-acapulco\/#breadcrumblist","itemListElement":[{"@type":"ListItem","@id":"https:\/\/puertoacapulco.com.mx#listItem","position":1,"name":"Home","item":"https:\/\/puertoacapulco.com.mx","nextItem":{"@type":"ListItem","@id":"https:\/\/puertoacapulco.com.mx\/index.php\/category\/blog\/#listItem","name":"Blog"}},{"@type":"ListItem","@id":"https:\/\/puertoacapulco.com.mx\/index.php\/category\/blog\/#listItem","position":2,"name":"Blog","item":"https:\/\/puertoacapulco.com.mx\/index.php\/category\/blog\/","nextItem":{"@type":"ListItem","@id":"https:\/\/puertoacapulco.com.mx\/index.php\/2025\/07\/14\/reunion-de-cortesia-entre-autoridades-japonesas-y-mexicanas-en-asipona-acapulco\/#listItem","name":"Reuni\u00f3n de cortes\u00eda entre autoridades japonesas y mexicanas en ASIPONA Acapulco"},"previousItem":{"@type":"ListItem","@id":"https:\/\/puertoacapulco.com.mx#listItem","name":"Home"}},{"@type":"ListItem","@id":"https:\/\/puertoacapulco.com.mx\/index.php\/2025\/07\/14\/reunion-de-cortesia-entre-autoridades-japonesas-y-mexicanas-en-asipona-acapulco\/#listItem","position":3,"name":"Reuni\u00f3n de cortes\u00eda entre autoridades japonesas y mexicanas en ASIPONA Acapulco","previousItem":{"@type":"ListItem","@id":"https:\/\/puertoacapulco.com.mx\/index.php\/category\/blog\/#listItem","name":"Blog"}}]},{"@type":"Organization","@id":"https:\/\/puertoacapulco.com.mx\/#organization","name":"ASIPONA ACAPULCO","description":"Administraci\u00f3n del Sistema Portuario Nacional Acapulco, S.A. de C.V.","url":"https:\/\/puertoacapulco.com.mx\/"},{"@type":"Person","@id":"https:\/\/puertoacapulco.com.mx\/index.php\/author\/asalinas\/#author","url":"https:\/\/puertoacapulco.com.mx\/index.php\/author\/asalinas\/","name":"asalinas","image":{"@type":"ImageObject","@id":"https:\/\/puertoacapulco.com.mx\/index.php\/2025\/07\/14\/reunion-de-cortesia-entre-autoridades-japonesas-y-mexicanas-en-asipona-acapulco\/#authorImage","url":"https:\/\/secure.gravatar.com\/avatar\/b6c055081f3c0f1451ecb6825bcb3fe72b9f2ab11e1ae4208d86f5cc44d4afe3?s=96&d=mm&r=g","width":96,"height":96,"caption":"asalinas"}},{"@type":"WebPage","@id":"https:\/\/puertoacapulco.com.mx\/index.php\/2025\/07\/14\/reunion-de-cortesia-entre-autoridades-japonesas-y-mexicanas-en-asipona-acapulco\/#webpage","url":"https:\/\/puertoacapulco.com.mx\/index.php\/2025\/07\/14\/reunion-de-cortesia-entre-autoridades-japonesas-y-mexicanas-en-asipona-acapulco\/","name":"Reuni\u00f3n de cortes\u00eda entre autoridades japonesas y mexicanas en ASIPONA Acapulco - ASIPONA ACAPULCO","description":"La Administraci\u00f3n del Sistema Portuario Nacional Acapulco (ASIPONA Acapulco) llev\u00f3 a cabo una reuni\u00f3n de cortes\u00eda con motivo de la visita de la flota de entrenamiento de la Fuerza Mar\u00edtima de Autodefensa del Jap\u00f3n al Puerto de Acapulco. Durante el encuentro, se realiz\u00f3 un intercambio protocolario de palabras, presentes y metopas entre autoridades civiles, navales","inLanguage":"es-ES","isPartOf":{"@id":"https:\/\/puertoacapulco.com.mx\/#website"},"breadcrumb":{"@id":"https:\/\/puertoacapulco.com.mx\/index.php\/2025\/07\/14\/reunion-de-cortesia-entre-autoridades-japonesas-y-mexicanas-en-asipona-acapulco\/#breadcrumblist"},"author":{"@id":"https:\/\/puertoacapulco.com.mx\/index.php\/author\/asalinas\/#author"},"creator":{"@id":"https:\/\/puertoacapulco.com.mx\/index.php\/author\/asalinas\/#author"},"image":{"@type":"ImageObject","url":"https:\/\/puertoacapulco.com.mx\/wp-content\/uploads\/2025\/07\/imagen3-1-scaled.jpg","@id":"https:\/\/puertoacapulco.com.mx\/index.php\/2025\/07\/14\/reunion-de-cortesia-entre-autoridades-japonesas-y-mexicanas-en-asipona-acapulco\/#mainImage","width":2560,"height":1920},"primaryImageOfPage":{"@id":"https:\/\/puertoacapulco.com.mx\/index.php\/2025\/07\/14\/reunion-de-cortesia-entre-autoridades-japonesas-y-mexicanas-en-asipona-acapulco\/#mainImage"},"datePublished":"2025-07-14T13:18:47-06:00","dateModified":"2025-07-14T13:18:48-06:00"},{"@type":"WebSite","@id":"https:\/\/puertoacapulco.com.mx\/#website","url":"https:\/\/puertoacapulco.com.mx\/","name":"ASIPONA ACAPULCO","description":"Administraci\u00f3n del Sistema Portuario Nacional Acapulco, S.A. de C.V.","inLanguage":"es-ES","publisher":{"@id":"https:\/\/puertoacapulco.com.mx\/#organization"}}]},"og:locale":"es_ES","og:site_name":"ASIPONA ACAPULCO - Administraci\u00f3n del Sistema Portuario Nacional Acapulco, S.A. de C.V.","og:type":"article","og:title":"Reuni\u00f3n de cortes\u00eda entre autoridades japonesas y mexicanas en ASIPONA Acapulco - ASIPONA ACAPULCO","og:description":"La Administraci\u00f3n del Sistema Portuario Nacional Acapulco (ASIPONA Acapulco) llev\u00f3 a cabo una reuni\u00f3n de cortes\u00eda con motivo de la visita de la flota de entrenamiento de la Fuerza Mar\u00edtima de Autodefensa del Jap\u00f3n al Puerto de Acapulco. Durante el encuentro, se realiz\u00f3 un intercambio protocolario de palabras, presentes y metopas entre autoridades civiles, navales","og:url":"https:\/\/puertoacapulco.com.mx\/index.php\/2025\/07\/14\/reunion-de-cortesia-entre-autoridades-japonesas-y-mexicanas-en-asipona-acapulco\/","og:image":"https:\/\/puertoacapulco.com.mx\/wp-content\/uploads\/2023\/09\/cropped-cropped-Captura-de-pantalla-2023-09-04-105114.png","og:image:secure_url":"https:\/\/puertoacapulco.com.mx\/wp-content\/uploads\/2023\/09\/cropped-cropped-Captura-de-pantalla-2023-09-04-105114.png","og:image:width":151,"og:image:height":55,"article:published_time":"2025-07-14T19:18:47+00:00","article:modified_time":"2025-07-14T19:18:48+00:00","twitter:card":"summary_large_image","twitter:title":"Reuni\u00f3n de cortes\u00eda entre autoridades japonesas y mexicanas en ASIPONA Acapulco - ASIPONA ACAPULCO","twitter:description":"La Administraci\u00f3n del Sistema Portuario Nacional Acapulco (ASIPONA Acapulco) llev\u00f3 a cabo una reuni\u00f3n de cortes\u00eda con motivo de la visita de la flota de entrenamiento de la Fuerza Mar\u00edtima de Autodefensa del Jap\u00f3n al Puerto de Acapulco. Durante el encuentro, se realiz\u00f3 un intercambio protocolario de palabras, presentes y metopas entre autoridades civiles, navales","twitter:image":"https:\/\/puertoacapulco.com.mx\/wp-content\/uploads\/2023\/09\/cropped-cropped-Captura-de-pantalla-2023-09-04-105114.png"},"aioseo_meta_data":{"post_id":"2431","title":null,"description":null,"keywords":[],"keyphrases":{"focus":{"keyphrase":"","score":0,"analysis":{"keyphraseInTitle":{"score":0,"maxScore":9,"error":1}}},"additional":[]},"primary_term":null,"canonical_url":null,"og_title":null,"og_description":null,"og_object_type":"default","og_image_type":"default","og_image_url":null,"og_image_width":null,"og_image_height":null,"og_image_custom_url":null,"og_image_custom_fields":null,"og_video":"","og_custom_url":null,"og_article_section":null,"og_article_tags":[],"twitter_use_og":false,"twitter_card":"default","twitter_image_type":"default","twitter_image_url":null,"twitter_image_custom_url":null,"twitter_image_custom_fields":null,"twitter_title":null,"twitter_description":null,"schema":{"blockGraphs":[],"customGraphs":[],"default":{"data":{"Article":[],"Course":[],"Dataset":[],"FAQPage":[],"Movie":[],"Person":[],"Product":[],"ProductReview":[],"Car":[],"Recipe":[],"Service":[],"SoftwareApplication":[],"WebPage":[]},"graphName":"BlogPosting","isEnabled":true},"graphs":[]},"schema_type":"default","schema_type_options":null,"pillar_content":false,"robots_default":true,"robots_noindex":false,"robots_noarchive":false,"robots_nosnippet":false,"robots_nofollow":false,"robots_noimageindex":false,"robots_noodp":false,"robots_notranslate":false,"robots_max_snippet":"-1","robots_max_videopreview":"-1","robots_max_imagepreview":"large","priority":null,"frequency":"default","local_seo":null,"limit_modified_date":false,"created":"2025-07-14 19:18:48","updated":"2026-07-30 21:49:47","ai":null,"breadcrumb_settings":null,"seo_analyzer_scan_date":null},"aioseo_breadcrumb":"<div class=\"aioseo-breadcrumbs\"><span class=\"aioseo-breadcrumb\">\n\t\t\t<a href=\"https:\/\/puertoacapulco.com.mx\" title=\"Home\">Home<\/a>\n\t\t<\/span><span class=\"aioseo-breadcrumb-separator\">&raquo;<\/span><span class=\"aioseo-breadcrumb\">\n\t\t\t<a href=\"https:\/\/puertoacapulco.com.mx\/index.php\/category\/blog\/\" title=\"Blog\">Blog<\/a>\n\t\t<\/span><span class=\"aioseo-breadcrumb-separator\">&raquo;<\/span><span class=\"aioseo-breadcrumb\">\n\t\t\tReuni\u00f3n de cortes\u00eda entre autoridades japonesas y mexicanas en ASIPONA Acapulco\n\t\t<\/span><\/div>","aioseo_breadcrumb_json":[{"label":"Home","link":"https:\/\/puertoacapulco.com.mx"},{"label":"Blog","link":"https:\/\/puertoacapulco.com.mx\/index.php\/category\/blog\/"},{"label":"Reuni\u00f3n de cortes\u00eda entre autoridades japonesas y mexicanas en ASIPONA Acapulco","link":"https:\/\/puertoacapulco.com.mx\/index.php\/2025\/07\/14\/reunion-de-cortesia-entre-autoridades-japonesas-y-mexicanas-en-asipona-acapulco\/"}],"yoast_head":"<!-- This site is optimized with the Yoast SEO plugin v28.1 - https:\/\/yoast.com\/product\/yoast-seo-wordpress\/ -->\n<title>Reuni\u00f3n de cortes\u00eda entre autoridades japonesas y mexicanas en ASIPONA Acapulco - ASIPONA ACAPULCO<\/title>\n<meta name=\"robots\" content=\"index, follow, max-snippet:-1, max-image-preview:large, max-video-preview:-1\" \/>\n<link rel=\"canonical\" href=\"https:\/\/puertoacapulco.com.mx\/index.php\/2025\/07\/14\/reunion-de-cortesia-entre-autoridades-japonesas-y-mexicanas-en-asipona-acapulco\/\" \/>\n<meta property=\"og:locale\" content=\"es_ES\" \/>\n<meta property=\"og:type\" content=\"article\" \/>\n<meta property=\"og:title\" content=\"Reuni\u00f3n de cortes\u00eda entre autoridades japonesas y mexicanas en ASIPONA Acapulco - ASIPONA ACAPULCO\" \/>\n<meta property=\"og:description\" content=\"La Administraci\u00f3n del Sistema Portuario Nacional Acapulco (ASIPONA Acapulco) llev\u00f3 a cabo una reuni\u00f3n de cortes\u00eda con motivo de la\" \/>\n<meta property=\"og:url\" content=\"https:\/\/puertoacapulco.com.mx\/index.php\/2025\/07\/14\/reunion-de-cortesia-entre-autoridades-japonesas-y-mexicanas-en-asipona-acapulco\/\" \/>\n<meta property=\"og:site_name\" content=\"ASIPONA ACAPULCO\" \/>\n<meta property=\"article:publisher\" content=\"https:\/\/www.facebook.com\/PuertoAca\" \/>\n<meta property=\"article:published_time\" content=\"2025-07-14T19:18:47+00:00\" \/>\n<meta property=\"article:modified_time\" content=\"2025-07-14T19:18:48+00:00\" \/>\n<meta property=\"og:image\" content=\"https:\/\/puertoacapulco.com.mx\/wp-content\/uploads\/2025\/07\/imagen3-1-scaled.jpg\" \/>\n\t<meta property=\"og:image:width\" content=\"2560\" \/>\n\t<meta property=\"og:image:height\" content=\"1920\" \/>\n\t<meta property=\"og:image:type\" content=\"image\/jpeg\" \/>\n<meta name=\"author\" content=\"asalinas\" \/>\n<meta name=\"twitter:card\" content=\"summary_large_image\" \/>\n<meta name=\"twitter:creator\" content=\"@PuertoAca\" \/>\n<meta name=\"twitter:site\" content=\"@PuertoAca\" \/>\n<meta name=\"twitter:label1\" content=\"Escrito por\" \/>\n\t<meta name=\"twitter:data1\" content=\"asalinas\" \/>\n\t<meta name=\"twitter:label2\" content=\"Tiempo de lectura\" \/>\n\t<meta name=\"twitter:data2\" content=\"2 minutos\" \/>\n<script type=\"application\/ld+json\" class=\"yoast-schema-graph\">{\"@context\":\"https:\\\/\\\/schema.org\",\"@graph\":[{\"@type\":\"Article\",\"@id\":\"https:\\\/\\\/puertoacapulco.com.mx\\\/index.php\\\/2025\\\/07\\\/14\\\/reunion-de-cortesia-entre-autoridades-japonesas-y-mexicanas-en-asipona-acapulco\\\/#article\",\"isPartOf\":{\"@id\":\"https:\\\/\\\/puertoacapulco.com.mx\\\/index.php\\\/2025\\\/07\\\/14\\\/reunion-de-cortesia-entre-autoridades-japonesas-y-mexicanas-en-asipona-acapulco\\\/\"},\"author\":{\"name\":\"asalinas\",\"@id\":\"https:\\\/\\\/puertoacapulco.com.mx\\\/#\\\/schema\\\/person\\\/4fdee729ba846bbad38f412e92b85eae\"},\"headline\":\"Reuni\u00f3n de cortes\u00eda entre autoridades japonesas y mexicanas en ASIPONA Acapulco\",\"datePublished\":\"2025-07-14T19:18:47+00:00\",\"dateModified\":\"2025-07-14T19:18:48+00:00\",\"mainEntityOfPage\":{\"@id\":\"https:\\\/\\\/puertoacapulco.com.mx\\\/index.php\\\/2025\\\/07\\\/14\\\/reunion-de-cortesia-entre-autoridades-japonesas-y-mexicanas-en-asipona-acapulco\\\/\"},\"wordCount\":227,\"publisher\":{\"@id\":\"https:\\\/\\\/puertoacapulco.com.mx\\\/#organization\"},\"image\":{\"@id\":\"https:\\\/\\\/puertoacapulco.com.mx\\\/index.php\\\/2025\\\/07\\\/14\\\/reunion-de-cortesia-entre-autoridades-japonesas-y-mexicanas-en-asipona-acapulco\\\/#primaryimage\"},\"thumbnailUrl\":\"https:\\\/\\\/puertoacapulco.com.mx\\\/wp-content\\\/uploads\\\/2025\\\/07\\\/imagen3-1-scaled.jpg\",\"articleSection\":[\"Blog\"],\"inLanguage\":\"es\"},{\"@type\":\"WebPage\",\"@id\":\"https:\\\/\\\/puertoacapulco.com.mx\\\/index.php\\\/2025\\\/07\\\/14\\\/reunion-de-cortesia-entre-autoridades-japonesas-y-mexicanas-en-asipona-acapulco\\\/\",\"url\":\"https:\\\/\\\/puertoacapulco.com.mx\\\/index.php\\\/2025\\\/07\\\/14\\\/reunion-de-cortesia-entre-autoridades-japonesas-y-mexicanas-en-asipona-acapulco\\\/\",\"name\":\"Reuni\u00f3n de cortes\u00eda entre autoridades japonesas y mexicanas en ASIPONA Acapulco - ASIPONA ACAPULCO\",\"isPartOf\":{\"@id\":\"https:\\\/\\\/puertoacapulco.com.mx\\\/#website\"},\"primaryImageOfPage\":{\"@id\":\"https:\\\/\\\/puertoacapulco.com.mx\\\/index.php\\\/2025\\\/07\\\/14\\\/reunion-de-cortesia-entre-autoridades-japonesas-y-mexicanas-en-asipona-acapulco\\\/#primaryimage\"},\"image\":{\"@id\":\"https:\\\/\\\/puertoacapulco.com.mx\\\/index.php\\\/2025\\\/07\\\/14\\\/reunion-de-cortesia-entre-autoridades-japonesas-y-mexicanas-en-asipona-acapulco\\\/#primaryimage\"},\"thumbnailUrl\":\"https:\\\/\\\/puertoacapulco.com.mx\\\/wp-content\\\/uploads\\\/2025\\\/07\\\/imagen3-1-scaled.jpg\",\"datePublished\":\"2025-07-14T19:18:47+00:00\",\"dateModified\":\"2025-07-14T19:18:48+00:00\",\"breadcrumb\":{\"@id\":\"https:\\\/\\\/puertoacapulco.com.mx\\\/index.php\\\/2025\\\/07\\\/14\\\/reunion-de-cortesia-entre-autoridades-japonesas-y-mexicanas-en-asipona-acapulco\\\/#breadcrumb\"},\"inLanguage\":\"es\",\"potentialAction\":[{\"@type\":\"ReadAction\",\"target\":[\"https:\\\/\\\/puertoacapulco.com.mx\\\/index.php\\\/2025\\\/07\\\/14\\\/reunion-de-cortesia-entre-autoridades-japonesas-y-mexicanas-en-asipona-acapulco\\\/\"]}]},{\"@type\":\"ImageObject\",\"inLanguage\":\"es\",\"@id\":\"https:\\\/\\\/puertoacapulco.com.mx\\\/index.php\\\/2025\\\/07\\\/14\\\/reunion-de-cortesia-entre-autoridades-japonesas-y-mexicanas-en-asipona-acapulco\\\/#primaryimage\",\"url\":\"https:\\\/\\\/puertoacapulco.com.mx\\\/wp-content\\\/uploads\\\/2025\\\/07\\\/imagen3-1-scaled.jpg\",\"contentUrl\":\"https:\\\/\\\/puertoacapulco.com.mx\\\/wp-content\\\/uploads\\\/2025\\\/07\\\/imagen3-1-scaled.jpg\",\"width\":2560,\"height\":1920},{\"@type\":\"BreadcrumbList\",\"@id\":\"https:\\\/\\\/puertoacapulco.com.mx\\\/index.php\\\/2025\\\/07\\\/14\\\/reunion-de-cortesia-entre-autoridades-japonesas-y-mexicanas-en-asipona-acapulco\\\/#breadcrumb\",\"itemListElement\":[{\"@type\":\"ListItem\",\"position\":1,\"name\":\"Portada\",\"item\":\"https:\\\/\\\/puertoacapulco.com.mx\\\/\"},{\"@type\":\"ListItem\",\"position\":2,\"name\":\"Reuni\u00f3n de cortes\u00eda entre autoridades japonesas y mexicanas en ASIPONA Acapulco\"}]},{\"@type\":\"WebSite\",\"@id\":\"https:\\\/\\\/puertoacapulco.com.mx\\\/#website\",\"url\":\"https:\\\/\\\/puertoacapulco.com.mx\\\/\",\"name\":\"ASIPONA ACAPULCO\",\"description\":\"Administraci\u00f3n del Sistema Portuario Nacional Acapulco, S.A. de C.V.\",\"publisher\":{\"@id\":\"https:\\\/\\\/puertoacapulco.com.mx\\\/#organization\"},\"potentialAction\":[{\"@type\":\"SearchAction\",\"target\":{\"@type\":\"EntryPoint\",\"urlTemplate\":\"https:\\\/\\\/puertoacapulco.com.mx\\\/?s={search_term_string}\"},\"query-input\":{\"@type\":\"PropertyValueSpecification\",\"valueRequired\":true,\"valueName\":\"search_term_string\"}}],\"inLanguage\":\"es\"},{\"@type\":\"Organization\",\"@id\":\"https:\\\/\\\/puertoacapulco.com.mx\\\/#organization\",\"name\":\"ASIPONA ACAPULCO\",\"url\":\"https:\\\/\\\/puertoacapulco.com.mx\\\/\",\"logo\":{\"@type\":\"ImageObject\",\"inLanguage\":\"es\",\"@id\":\"https:\\\/\\\/puertoacapulco.com.mx\\\/#\\\/schema\\\/logo\\\/image\\\/\",\"url\":\"https:\\\/\\\/puertoacapulco.com.mx\\\/wp-content\\\/uploads\\\/2023\\\/09\\\/cropped-LOGO-ASIPONA-EN-CURVAS-COLOR-BLANCO-Y-NEGRO-01-1.png\",\"contentUrl\":\"https:\\\/\\\/puertoacapulco.com.mx\\\/wp-content\\\/uploads\\\/2023\\\/09\\\/cropped-LOGO-ASIPONA-EN-CURVAS-COLOR-BLANCO-Y-NEGRO-01-1.png\",\"width\":2838,\"height\":3005,\"caption\":\"ASIPONA ACAPULCO\"},\"image\":{\"@id\":\"https:\\\/\\\/puertoacapulco.com.mx\\\/#\\\/schema\\\/logo\\\/image\\\/\"},\"sameAs\":[\"https:\\\/\\\/www.facebook.com\\\/PuertoAca\",\"https:\\\/\\\/x.com\\\/PuertoAca\"]},{\"@type\":\"Person\",\"@id\":\"https:\\\/\\\/puertoacapulco.com.mx\\\/#\\\/schema\\\/person\\\/4fdee729ba846bbad38f412e92b85eae\",\"name\":\"asalinas\",\"image\":{\"@type\":\"ImageObject\",\"inLanguage\":\"es\",\"@id\":\"https:\\\/\\\/secure.gravatar.com\\\/avatar\\\/b6c055081f3c0f1451ecb6825bcb3fe72b9f2ab11e1ae4208d86f5cc44d4afe3?s=96&d=mm&r=g\",\"url\":\"https:\\\/\\\/secure.gravatar.com\\\/avatar\\\/b6c055081f3c0f1451ecb6825bcb3fe72b9f2ab11e1ae4208d86f5cc44d4afe3?s=96&d=mm&r=g\",\"contentUrl\":\"https:\\\/\\\/secure.gravatar.com\\\/avatar\\\/b6c055081f3c0f1451ecb6825bcb3fe72b9f2ab11e1ae4208d86f5cc44d4afe3?s=96&d=mm&r=g\",\"caption\":\"asalinas\"},\"url\":\"https:\\\/\\\/puertoacapulco.com.mx\\\/index.php\\\/author\\\/asalinas\\\/\"}]}<\/script>\n<!-- \/ Yoast SEO plugin. -->","yoast_head_json":{"title":"Reuni\u00f3n de cortes\u00eda entre autoridades japonesas y mexicanas en ASIPONA Acapulco - ASIPONA ACAPULCO","robots":{"index":"index","follow":"follow","max-snippet":"max-snippet:-1","max-image-preview":"max-image-preview:large","max-video-preview":"max-video-preview:-1"},"canonical":"https:\/\/puertoacapulco.com.mx\/index.php\/2025\/07\/14\/reunion-de-cortesia-entre-autoridades-japonesas-y-mexicanas-en-asipona-acapulco\/","og_locale":"es_ES","og_type":"article","og_title":"Reuni\u00f3n de cortes\u00eda entre autoridades japonesas y mexicanas en ASIPONA Acapulco - ASIPONA ACAPULCO","og_description":"La Administraci\u00f3n del Sistema Portuario Nacional Acapulco (ASIPONA Acapulco) llev\u00f3 a cabo una reuni\u00f3n de cortes\u00eda con motivo de la","og_url":"https:\/\/puertoacapulco.com.mx\/index.php\/2025\/07\/14\/reunion-de-cortesia-entre-autoridades-japonesas-y-mexicanas-en-asipona-acapulco\/","og_site_name":"ASIPONA ACAPULCO","article_publisher":"https:\/\/www.facebook.com\/PuertoAca","article_published_time":"2025-07-14T19:18:47+00:00","article_modified_time":"2025-07-14T19:18:48+00:00","og_image":[{"width":2560,"height":1920,"url":"https:\/\/puertoacapulco.com.mx\/wp-content\/uploads\/2025\/07\/imagen3-1-scaled.jpg","type":"image\/jpeg"}],"author":"asalinas","twitter_card":"summary_large_image","twitter_creator":"@PuertoAca","twitter_site":"@PuertoAca","twitter_misc":{"Escrito por":"asalinas","Tiempo de lectura":"2 minutos"},"schema":{"@context":"https:\/\/schema.org","@graph":[{"@type":"Article","@id":"https:\/\/puertoacapulco.com.mx\/index.php\/2025\/07\/14\/reunion-de-cortesia-entre-autoridades-japonesas-y-mexicanas-en-asipona-acapulco\/#article","isPartOf":{"@id":"https:\/\/puertoacapulco.com.mx\/index.php\/2025\/07\/14\/reunion-de-cortesia-entre-autoridades-japonesas-y-mexicanas-en-asipona-acapulco\/"},"author":{"name":"asalinas","@id":"https:\/\/puertoacapulco.com.mx\/#\/schema\/person\/4fdee729ba846bbad38f412e92b85eae"},"headline":"Reuni\u00f3n de cortes\u00eda entre autoridades japonesas y mexicanas en ASIPONA Acapulco","datePublished":"2025-07-14T19:18:47+00:00","dateModified":"2025-07-14T19:18:48+00:00","mainEntityOfPage":{"@id":"https:\/\/puertoacapulco.com.mx\/index.php\/2025\/07\/14\/reunion-de-cortesia-entre-autoridades-japonesas-y-mexicanas-en-asipona-acapulco\/"},"wordCount":227,"publisher":{"@id":"https:\/\/puertoacapulco.com.mx\/#organization"},"image":{"@id":"https:\/\/puertoacapulco.com.mx\/index.php\/2025\/07\/14\/reunion-de-cortesia-entre-autoridades-japonesas-y-mexicanas-en-asipona-acapulco\/#primaryimage"},"thumbnailUrl":"https:\/\/puertoacapulco.com.mx\/wp-content\/uploads\/2025\/07\/imagen3-1-scaled.jpg","articleSection":["Blog"],"inLanguage":"es"},{"@type":"WebPage","@id":"https:\/\/puertoacapulco.com.mx\/index.php\/2025\/07\/14\/reunion-de-cortesia-entre-autoridades-japonesas-y-mexicanas-en-asipona-acapulco\/","url":"https:\/\/puertoacapulco.com.mx\/index.php\/2025\/07\/14\/reunion-de-cortesia-entre-autoridades-japonesas-y-mexicanas-en-asipona-acapulco\/","name":"Reuni\u00f3n de cortes\u00eda entre autoridades japonesas y mexicanas en ASIPONA Acapulco - ASIPONA ACAPULCO","isPartOf":{"@id":"https:\/\/puertoacapulco.com.mx\/#website"},"primaryImageOfPage":{"@id":"https:\/\/puertoacapulco.com.mx\/index.php\/2025\/07\/14\/reunion-de-cortesia-entre-autoridades-japonesas-y-mexicanas-en-asipona-acapulco\/#primaryimage"},"image":{"@id":"https:\/\/puertoacapulco.com.mx\/index.php\/2025\/07\/14\/reunion-de-cortesia-entre-autoridades-japonesas-y-mexicanas-en-asipona-acapulco\/#primaryimage"},"thumbnailUrl":"https:\/\/puertoacapulco.com.mx\/wp-content\/uploads\/2025\/07\/imagen3-1-scaled.jpg","datePublished":"2025-07-14T19:18:47+00:00","dateModified":"2025-07-14T19:18:48+00:00","breadcrumb":{"@id":"https:\/\/puertoacapulco.com.mx\/index.php\/2025\/07\/14\/reunion-de-cortesia-entre-autoridades-japonesas-y-mexicanas-en-asipona-acapulco\/#breadcrumb"},"inLanguage":"es","potentialAction":[{"@type":"ReadAction","target":["https:\/\/puertoacapulco.com.mx\/index.php\/2025\/07\/14\/reunion-de-cortesia-entre-autoridades-japonesas-y-mexicanas-en-asipona-acapulco\/"]}]},{"@type":"ImageObject","inLanguage":"es","@id":"https:\/\/puertoacapulco.com.mx\/index.php\/2025\/07\/14\/reunion-de-cortesia-entre-autoridades-japonesas-y-mexicanas-en-asipona-acapulco\/#primaryimage","url":"https:\/\/puertoacapulco.com.mx\/wp-content\/uploads\/2025\/07\/imagen3-1-scaled.jpg","contentUrl":"https:\/\/puertoacapulco.com.mx\/wp-content\/uploads\/2025\/07\/imagen3-1-scaled.jpg","width":2560,"height":1920},{"@type":"BreadcrumbList","@id":"https:\/\/puertoacapulco.com.mx\/index.php\/2025\/07\/14\/reunion-de-cortesia-entre-autoridades-japonesas-y-mexicanas-en-asipona-acapulco\/#breadcrumb","itemListElement":[{"@type":"ListItem","position":1,"name":"Portada","item":"https:\/\/puertoacapulco.com.mx\/"},{"@type":"ListItem","position":2,"name":"Reuni\u00f3n de cortes\u00eda entre autoridades japonesas y mexicanas en ASIPONA Acapulco"}]},{"@type":"WebSite","@id":"https:\/\/puertoacapulco.com.mx\/#website","url":"https:\/\/puertoacapulco.com.mx\/","name":"ASIPONA ACAPULCO","description":"Administraci\u00f3n del Sistema Portuario Nacional Acapulco, S.A. de C.V.","publisher":{"@id":"https:\/\/puertoacapulco.com.mx\/#organization"},"potentialAction":[{"@type":"SearchAction","target":{"@type":"EntryPoint","urlTemplate":"https:\/\/puertoacapulco.com.mx\/?s={search_term_string}"},"query-input":{"@type":"PropertyValueSpecification","valueRequired":true,"valueName":"search_term_string"}}],"inLanguage":"es"},{"@type":"Organization","@id":"https:\/\/puertoacapulco.com.mx\/#organization","name":"ASIPONA ACAPULCO","url":"https:\/\/puertoacapulco.com.mx\/","logo":{"@type":"ImageObject","inLanguage":"es","@id":"https:\/\/puertoacapulco.com.mx\/#\/schema\/logo\/image\/","url":"https:\/\/puertoacapulco.com.mx\/wp-content\/uploads\/2023\/09\/cropped-LOGO-ASIPONA-EN-CURVAS-COLOR-BLANCO-Y-NEGRO-01-1.png","contentUrl":"https:\/\/puertoacapulco.com.mx\/wp-content\/uploads\/2023\/09\/cropped-LOGO-ASIPONA-EN-CURVAS-COLOR-BLANCO-Y-NEGRO-01-1.png","width":2838,"height":3005,"caption":"ASIPONA ACAPULCO"},"image":{"@id":"https:\/\/puertoacapulco.com.mx\/#\/schema\/logo\/image\/"},"sameAs":["https:\/\/www.facebook.com\/PuertoAca","https:\/\/x.com\/PuertoAca"]},{"@type":"Person","@id":"https:\/\/puertoacapulco.com.mx\/#\/schema\/person\/4fdee729ba846bbad38f412e92b85eae","name":"asalinas","image":{"@type":"ImageObject","inLanguage":"es","@id":"https:\/\/secure.gravatar.com\/avatar\/b6c055081f3c0f1451ecb6825bcb3fe72b9f2ab11e1ae4208d86f5cc44d4afe3?s=96&d=mm&r=g","url":"https:\/\/secure.gravatar.com\/avatar\/b6c055081f3c0f1451ecb6825bcb3fe72b9f2ab11e1ae4208d86f5cc44d4afe3?s=96&d=mm&r=g","contentUrl":"https:\/\/secure.gravatar.com\/avatar\/b6c055081f3c0f1451ecb6825bcb3fe72b9f2ab11e1ae4208d86f5cc44d4afe3?s=96&d=mm&r=g","caption":"asalinas"},"url":"https:\/\/puertoacapulco.com.mx\/index.php\/author\/asalinas\/"}]}},"_links":{"self":[{"href":"https:\/\/puertoacapulco.com.mx\/index.php\/wp-json\/wp\/v2\/posts\/2431","targetHints":{"allow":["GET"]}}],"collection":[{"href":"https:\/\/puertoacapulco.com.mx\/index.php\/wp-json\/wp\/v2\/posts"}],"about":[{"href":"https:\/\/puertoacapulco.com.mx\/index.php\/wp-json\/wp\/v2\/types\/post"}],"author":[{"embeddable":true,"href":"https:\/\/puertoacapulco.com.mx\/index.php\/wp-json\/wp\/v2\/users\/4"}],"replies":[{"embeddable":true,"href":"https:\/\/puertoacapulco.com.mx\/index.php\/wp-json\/wp\/v2\/comments?post=2431"}],"version-history":[{"count":1,"href":"https:\/\/puertoacapulco.com.mx\/index.php\/wp-json\/wp\/v2\/posts\/2431\/revisions"}],"predecessor-version":[{"id":2440,"href":"https:\/\/puertoacapulco.com.mx\/index.php\/wp-json\/wp\/v2\/posts\/2431\/revisions\/2440"}],"wp:featuredmedia":[{"embeddable":true,"href":"https:\/\/puertoacapulco.com.mx\/index.php\/wp-json\/wp\/v2\/media\/2437"}],"wp:attachment":[{"href":"https:\/\/puertoacapulco.com.mx\/index.php\/wp-json\/wp\/v2\/media?parent=2431"}],"wp:term":[{"taxonomy":"category","embeddable":true,"href":"https:\/\/puertoacapulco.com.mx\/index.php\/wp-json\/wp\/v2\/categories?post=2431"},{"taxonomy":"post_tag","embeddable":true,"href":"https:\/\/puertoacapulco.com.mx\/index.php\/wp-json\/wp\/v2\/tags?post=2431"}],"curies":[{"name":"wp","href":"https:\/\/api.w.org\/{rel}","templated":true}]}}