{"id":2390,"date":"2025-06-20T14:32:02","date_gmt":"2025-06-20T20:32:02","guid":{"rendered":"https:\/\/puertoacapulco.com.mx\/?p=2390"},"modified":"2025-06-20T15:15:53","modified_gmt":"2025-06-20T21:15:53","slug":"asipona-acapulco-fortalece-su-desarrollo-portuario-con-la-incorporacion-de-nueva-superficie-al-recinto","status":"publish","type":"post","link":"https:\/\/puertoacapulco.com.mx\/index.php\/2025\/06\/20\/asipona-acapulco-fortalece-su-desarrollo-portuario-con-la-incorporacion-de-nueva-superficie-al-recinto\/","title":{"rendered":"ASIPONA Acapulco fortalece su desarrollo portuario con la incorporaci\u00f3n de nueva superficie al recinto"},"content":{"rendered":"\n<figure class=\"wp-block-image size-large\"><img loading=\"lazy\" decoding=\"async\" width=\"1024\" height=\"768\" src=\"https:\/\/puertoacapulco.com.mx\/wp-content\/uploads\/2025\/06\/imagen1-1-1024x768.jpeg\" alt=\"\" class=\"wp-image-2391\" srcset=\"https:\/\/puertoacapulco.com.mx\/wp-content\/uploads\/2025\/06\/imagen1-1-1024x768.jpeg 1024w, https:\/\/puertoacapulco.com.mx\/wp-content\/uploads\/2025\/06\/imagen1-1-300x225.jpeg 300w, https:\/\/puertoacapulco.com.mx\/wp-content\/uploads\/2025\/06\/imagen1-1-768x576.jpeg 768w, https:\/\/puertoacapulco.com.mx\/wp-content\/uploads\/2025\/06\/imagen1-1-1536x1152.jpeg 1536w, https:\/\/puertoacapulco.com.mx\/wp-content\/uploads\/2025\/06\/imagen1-1-2048x1536.jpeg 2048w\" sizes=\"auto, (max-width: 1024px) 100vw, 1024px\" \/><\/figure>\n\n\n\n<p style=\"text-align: justify; text-transform: none;\">La Administraci\u00f3n del Sistema Portuario Nacional Acapulco (ASIPONA Acapulco) informa que este <b>11 de junio de 2025<\/b> fue publicada en el Diario Oficial de la Federaci\u00f3n (DOF) la <b>Primera Modificaci\u00f3n al T\u00edtulo de Concesi\u00f3n<\/b> otorgado por la Secretar\u00eda de Marina, a favor del Puerto de Acapulco. <\/p>\n\n\n\n<figure class=\"wp-block-image size-large\"><img loading=\"lazy\" decoding=\"async\" width=\"1024\" height=\"768\" src=\"https:\/\/puertoacapulco.com.mx\/wp-content\/uploads\/2025\/06\/imagen2-2-1024x768.jpeg\" alt=\"\" class=\"wp-image-2392\" srcset=\"https:\/\/puertoacapulco.com.mx\/wp-content\/uploads\/2025\/06\/imagen2-2-1024x768.jpeg 1024w, https:\/\/puertoacapulco.com.mx\/wp-content\/uploads\/2025\/06\/imagen2-2-300x225.jpeg 300w, https:\/\/puertoacapulco.com.mx\/wp-content\/uploads\/2025\/06\/imagen2-2-768x576.jpeg 768w, https:\/\/puertoacapulco.com.mx\/wp-content\/uploads\/2025\/06\/imagen2-2-1536x1152.jpeg 1536w, https:\/\/puertoacapulco.com.mx\/wp-content\/uploads\/2025\/06\/imagen2-2-2048x1536.jpeg 2048w\" sizes=\"auto, (max-width: 1024px) 100vw, 1024px\" \/><\/figure>\n\n\n\n<p style=\"text-align: justify; text-transform: none;\">Mediante esta modificaci\u00f3n, se incorpora <b>una superficie adicional de m\u00e1s de 161 mil metros cuadrados<\/b> de agua e infraestructura portuaria al recinto, lo cual permitir\u00e1 continuar con el desarrollo y fortalecimiento de este importante puerto del pa\u00eds.<\/p>\n\n\n\n<figure class=\"wp-block-image size-large\"><img loading=\"lazy\" decoding=\"async\" width=\"1024\" height=\"768\" src=\"https:\/\/puertoacapulco.com.mx\/wp-content\/uploads\/2025\/06\/imagen3-2-1024x768.jpeg\" alt=\"\" class=\"wp-image-2393\" srcset=\"https:\/\/puertoacapulco.com.mx\/wp-content\/uploads\/2025\/06\/imagen3-2-1024x768.jpeg 1024w, https:\/\/puertoacapulco.com.mx\/wp-content\/uploads\/2025\/06\/imagen3-2-300x225.jpeg 300w, https:\/\/puertoacapulco.com.mx\/wp-content\/uploads\/2025\/06\/imagen3-2-768x576.jpeg 768w, https:\/\/puertoacapulco.com.mx\/wp-content\/uploads\/2025\/06\/imagen3-2-1536x1152.jpeg 1536w, https:\/\/puertoacapulco.com.mx\/wp-content\/uploads\/2025\/06\/imagen3-2-2048x1536.jpeg 2048w\" sizes=\"auto, (max-width: 1024px) 100vw, 1024px\" \/><\/figure>\n\n\n\n<p style=\"text-align: justify; text-transform: none;\">Este avance representa un paso estrat\u00e9gico para consolidar la <b>infraestructura portuaria <\/b>, ampliar las capacidades operativas y fortalecer las actividades relacionadas con el <b>comercio mar\u00edtimo <\/b>, el <b>turismo n\u00e1utico<\/b> y la conectividad internacional.<\/p>\n\n\n\n<figure class=\"wp-block-image size-large\"><img loading=\"lazy\" decoding=\"async\" width=\"1024\" height=\"768\" src=\"https:\/\/puertoacapulco.com.mx\/wp-content\/uploads\/2025\/06\/imagen4-1024x768.jpeg\" alt=\"\" class=\"wp-image-2394\" srcset=\"https:\/\/puertoacapulco.com.mx\/wp-content\/uploads\/2025\/06\/imagen4-1024x768.jpeg 1024w, https:\/\/puertoacapulco.com.mx\/wp-content\/uploads\/2025\/06\/imagen4-300x225.jpeg 300w, https:\/\/puertoacapulco.com.mx\/wp-content\/uploads\/2025\/06\/imagen4-768x576.jpeg 768w, https:\/\/puertoacapulco.com.mx\/wp-content\/uploads\/2025\/06\/imagen4-1536x1152.jpeg 1536w, https:\/\/puertoacapulco.com.mx\/wp-content\/uploads\/2025\/06\/imagen4-2048x1536.jpeg 2048w\" sizes=\"auto, (max-width: 1024px) 100vw, 1024px\" \/><\/figure>\n\n\n\n<p style=\"text-align: justify; text-transform: none;\">Con esta medida, ASIPONA Acapulco reafirma su compromiso con el impulso al desarrollo regional, promoviendo una gesti\u00f3n eficiente y sostenible en coordinaci\u00f3n con la Secretar\u00eda de Marina. <a href=\"https:\/\/www.dof.gob.mx\/nota_detalle.php?codigo=5759822&#038;fecha=11%2F06%2F2025&#038;fbclid=IwY2xjawK4EzNleHRuA2FlbQIxMABicmlkETFmUjhoR1FJVFRiWk9mWFpzAR7n06MkwVyXZr_Yd8UVXPT5cfTSFI5ClJngz5XoDaGoBJJYXnAJqbBfeXdtVg_aem_OlZAyxWzZPfI-mD5K6aVpA#gsc.tab=0\" target=\"_blank\" rel=\"noopener\">Consulta PRIMERA Modificaci\u00f3n al T\u00edtulo de Concesi\u00f3n.<\/a> <\/p>\n","protected":false},"excerpt":{"rendered":"<p>La Administraci\u00f3n del Sistema Portuario Nacional Acapulco (ASIPONA Acapulco) informa que este 11 de junio de 2025 fue publicada en<\/p>\n","protected":false},"author":4,"featured_media":2394,"comment_status":"closed","ping_status":"closed","sticky":false,"template":"","format":"standard","meta":{"colormag_page_container_layout":"default_layout","colormag_page_sidebar_layout":"default_layout","footnotes":""},"categories":[1],"tags":[],"class_list":["post-2390","post","type-post","status-publish","format-standard","has-post-thumbnail","hentry","category-blog"],"aioseo_notices":[],"aioseo_head":"\n\t\t<!-- All in One SEO 4.9.10 - aioseo.com -->\n\t<meta name=\"description\" content=\"La Administraci\u00f3n del Sistema Portuario Nacional Acapulco (ASIPONA Acapulco) informa que este 11 de junio de 2025 fue publicada en el Diario Oficial de la Federaci\u00f3n (DOF) la Primera Modificaci\u00f3n al T\u00edtulo de Concesi\u00f3n otorgado por la Secretar\u00eda de Marina, a favor del Puerto de Acapulco. Mediante esta modificaci\u00f3n, se incorpora una superficie adicional de\" \/>\n\t<meta name=\"robots\" content=\"max-image-preview:large\" \/>\n\t<meta name=\"author\" content=\"asalinas\"\/>\n\t<link rel=\"canonical\" href=\"https:\/\/puertoacapulco.com.mx\/index.php\/2025\/06\/20\/asipona-acapulco-fortalece-su-desarrollo-portuario-con-la-incorporacion-de-nueva-superficie-al-recinto\/\" \/>\n\t<meta name=\"generator\" content=\"All in One SEO (AIOSEO) 4.9.10\" \/>\n\t\t<meta property=\"og:locale\" content=\"es_ES\" \/>\n\t\t<meta property=\"og:site_name\" content=\"ASIPONA ACAPULCO - Administraci\u00f3n del Sistema Portuario Nacional Acapulco, S.A. de C.V.\" \/>\n\t\t<meta property=\"og:type\" content=\"article\" \/>\n\t\t<meta property=\"og:title\" content=\"ASIPONA Acapulco fortalece su desarrollo portuario con la incorporaci\u00f3n de nueva superficie al recinto - ASIPONA ACAPULCO\" \/>\n\t\t<meta property=\"og:description\" content=\"La Administraci\u00f3n del Sistema Portuario Nacional Acapulco (ASIPONA Acapulco) informa que este 11 de junio de 2025 fue publicada en el Diario Oficial de la Federaci\u00f3n (DOF) la Primera Modificaci\u00f3n al T\u00edtulo de Concesi\u00f3n otorgado por la Secretar\u00eda de Marina, a favor del Puerto de Acapulco. Mediante esta modificaci\u00f3n, se incorpora una superficie adicional de\" \/>\n\t\t<meta property=\"og:url\" content=\"https:\/\/puertoacapulco.com.mx\/index.php\/2025\/06\/20\/asipona-acapulco-fortalece-su-desarrollo-portuario-con-la-incorporacion-de-nueva-superficie-al-recinto\/\" \/>\n\t\t<meta property=\"og:image\" content=\"https:\/\/puertoacapulco.com.mx\/wp-content\/uploads\/2023\/09\/cropped-cropped-Captura-de-pantalla-2023-09-04-105114.png\" \/>\n\t\t<meta property=\"og:image:secure_url\" content=\"https:\/\/puertoacapulco.com.mx\/wp-content\/uploads\/2023\/09\/cropped-cropped-Captura-de-pantalla-2023-09-04-105114.png\" \/>\n\t\t<meta property=\"og:image:width\" content=\"151\" \/>\n\t\t<meta property=\"og:image:height\" content=\"55\" \/>\n\t\t<meta property=\"article:published_time\" content=\"2025-06-20T20:32:02+00:00\" \/>\n\t\t<meta property=\"article:modified_time\" content=\"2025-06-20T21:15:53+00:00\" \/>\n\t\t<meta name=\"twitter:card\" content=\"summary_large_image\" \/>\n\t\t<meta name=\"twitter:title\" content=\"ASIPONA Acapulco fortalece su desarrollo portuario con la incorporaci\u00f3n de nueva superficie al recinto - ASIPONA ACAPULCO\" \/>\n\t\t<meta name=\"twitter:description\" content=\"La Administraci\u00f3n del Sistema Portuario Nacional Acapulco (ASIPONA Acapulco) informa que este 11 de junio de 2025 fue publicada en el Diario Oficial de la Federaci\u00f3n (DOF) la Primera Modificaci\u00f3n al T\u00edtulo de Concesi\u00f3n otorgado por la Secretar\u00eda de Marina, a favor del Puerto de Acapulco. Mediante esta modificaci\u00f3n, se incorpora una superficie adicional de\" \/>\n\t\t<meta name=\"twitter:image\" content=\"https:\/\/puertoacapulco.com.mx\/wp-content\/uploads\/2023\/09\/cropped-cropped-Captura-de-pantalla-2023-09-04-105114.png\" \/>\n\t\t<script type=\"application\/ld+json\" class=\"aioseo-schema\">\n\t\t\t{\"@context\":\"https:\\\/\\\/schema.org\",\"@graph\":[{\"@type\":\"BlogPosting\",\"@id\":\"https:\\\/\\\/puertoacapulco.com.mx\\\/index.php\\\/2025\\\/06\\\/20\\\/asipona-acapulco-fortalece-su-desarrollo-portuario-con-la-incorporacion-de-nueva-superficie-al-recinto\\\/#blogposting\",\"name\":\"ASIPONA Acapulco fortalece su desarrollo portuario con la incorporaci\\u00f3n de nueva superficie al recinto - ASIPONA ACAPULCO\",\"headline\":\"ASIPONA Acapulco fortalece su desarrollo portuario con la incorporaci\\u00f3n de nueva superficie al recinto\",\"author\":{\"@id\":\"https:\\\/\\\/puertoacapulco.com.mx\\\/index.php\\\/author\\\/asalinas\\\/#author\"},\"publisher\":{\"@id\":\"https:\\\/\\\/puertoacapulco.com.mx\\\/#organization\"},\"image\":{\"@type\":\"ImageObject\",\"url\":\"https:\\\/\\\/puertoacapulco.com.mx\\\/wp-content\\\/uploads\\\/2025\\\/06\\\/imagen4-scaled.jpeg\",\"width\":2560,\"height\":1920},\"datePublished\":\"2025-06-20T14:32:02-06:00\",\"dateModified\":\"2025-06-20T15:15:53-06:00\",\"inLanguage\":\"es-ES\",\"mainEntityOfPage\":{\"@id\":\"https:\\\/\\\/puertoacapulco.com.mx\\\/index.php\\\/2025\\\/06\\\/20\\\/asipona-acapulco-fortalece-su-desarrollo-portuario-con-la-incorporacion-de-nueva-superficie-al-recinto\\\/#webpage\"},\"isPartOf\":{\"@id\":\"https:\\\/\\\/puertoacapulco.com.mx\\\/index.php\\\/2025\\\/06\\\/20\\\/asipona-acapulco-fortalece-su-desarrollo-portuario-con-la-incorporacion-de-nueva-superficie-al-recinto\\\/#webpage\"},\"articleSection\":\"Blog\"},{\"@type\":\"BreadcrumbList\",\"@id\":\"https:\\\/\\\/puertoacapulco.com.mx\\\/index.php\\\/2025\\\/06\\\/20\\\/asipona-acapulco-fortalece-su-desarrollo-portuario-con-la-incorporacion-de-nueva-superficie-al-recinto\\\/#breadcrumblist\",\"itemListElement\":[{\"@type\":\"ListItem\",\"@id\":\"https:\\\/\\\/puertoacapulco.com.mx#listItem\",\"position\":1,\"name\":\"Home\",\"item\":\"https:\\\/\\\/puertoacapulco.com.mx\",\"nextItem\":{\"@type\":\"ListItem\",\"@id\":\"https:\\\/\\\/puertoacapulco.com.mx\\\/index.php\\\/category\\\/blog\\\/#listItem\",\"name\":\"Blog\"}},{\"@type\":\"ListItem\",\"@id\":\"https:\\\/\\\/puertoacapulco.com.mx\\\/index.php\\\/category\\\/blog\\\/#listItem\",\"position\":2,\"name\":\"Blog\",\"item\":\"https:\\\/\\\/puertoacapulco.com.mx\\\/index.php\\\/category\\\/blog\\\/\",\"nextItem\":{\"@type\":\"ListItem\",\"@id\":\"https:\\\/\\\/puertoacapulco.com.mx\\\/index.php\\\/2025\\\/06\\\/20\\\/asipona-acapulco-fortalece-su-desarrollo-portuario-con-la-incorporacion-de-nueva-superficie-al-recinto\\\/#listItem\",\"name\":\"ASIPONA Acapulco fortalece su desarrollo portuario con la incorporaci\\u00f3n de nueva superficie al recinto\"},\"previousItem\":{\"@type\":\"ListItem\",\"@id\":\"https:\\\/\\\/puertoacapulco.com.mx#listItem\",\"name\":\"Home\"}},{\"@type\":\"ListItem\",\"@id\":\"https:\\\/\\\/puertoacapulco.com.mx\\\/index.php\\\/2025\\\/06\\\/20\\\/asipona-acapulco-fortalece-su-desarrollo-portuario-con-la-incorporacion-de-nueva-superficie-al-recinto\\\/#listItem\",\"position\":3,\"name\":\"ASIPONA Acapulco fortalece su desarrollo portuario con la incorporaci\\u00f3n de nueva superficie al recinto\",\"previousItem\":{\"@type\":\"ListItem\",\"@id\":\"https:\\\/\\\/puertoacapulco.com.mx\\\/index.php\\\/category\\\/blog\\\/#listItem\",\"name\":\"Blog\"}}]},{\"@type\":\"Organization\",\"@id\":\"https:\\\/\\\/puertoacapulco.com.mx\\\/#organization\",\"name\":\"ASIPONA ACAPULCO\",\"description\":\"Administraci\\u00f3n del Sistema Portuario Nacional Acapulco, S.A. de C.V.\",\"url\":\"https:\\\/\\\/puertoacapulco.com.mx\\\/\"},{\"@type\":\"Person\",\"@id\":\"https:\\\/\\\/puertoacapulco.com.mx\\\/index.php\\\/author\\\/asalinas\\\/#author\",\"url\":\"https:\\\/\\\/puertoacapulco.com.mx\\\/index.php\\\/author\\\/asalinas\\\/\",\"name\":\"asalinas\",\"image\":{\"@type\":\"ImageObject\",\"@id\":\"https:\\\/\\\/puertoacapulco.com.mx\\\/index.php\\\/2025\\\/06\\\/20\\\/asipona-acapulco-fortalece-su-desarrollo-portuario-con-la-incorporacion-de-nueva-superficie-al-recinto\\\/#authorImage\",\"url\":\"https:\\\/\\\/secure.gravatar.com\\\/avatar\\\/b6c055081f3c0f1451ecb6825bcb3fe72b9f2ab11e1ae4208d86f5cc44d4afe3?s=96&d=mm&r=g\",\"width\":96,\"height\":96,\"caption\":\"asalinas\"}},{\"@type\":\"WebPage\",\"@id\":\"https:\\\/\\\/puertoacapulco.com.mx\\\/index.php\\\/2025\\\/06\\\/20\\\/asipona-acapulco-fortalece-su-desarrollo-portuario-con-la-incorporacion-de-nueva-superficie-al-recinto\\\/#webpage\",\"url\":\"https:\\\/\\\/puertoacapulco.com.mx\\\/index.php\\\/2025\\\/06\\\/20\\\/asipona-acapulco-fortalece-su-desarrollo-portuario-con-la-incorporacion-de-nueva-superficie-al-recinto\\\/\",\"name\":\"ASIPONA Acapulco fortalece su desarrollo portuario con la incorporaci\\u00f3n de nueva superficie al recinto - ASIPONA ACAPULCO\",\"description\":\"La Administraci\\u00f3n del Sistema Portuario Nacional Acapulco (ASIPONA Acapulco) informa que este 11 de junio de 2025 fue publicada en el Diario Oficial de la Federaci\\u00f3n (DOF) la Primera Modificaci\\u00f3n al T\\u00edtulo de Concesi\\u00f3n otorgado por la Secretar\\u00eda de Marina, a favor del Puerto de Acapulco. Mediante esta modificaci\\u00f3n, se incorpora una superficie adicional de\",\"inLanguage\":\"es-ES\",\"isPartOf\":{\"@id\":\"https:\\\/\\\/puertoacapulco.com.mx\\\/#website\"},\"breadcrumb\":{\"@id\":\"https:\\\/\\\/puertoacapulco.com.mx\\\/index.php\\\/2025\\\/06\\\/20\\\/asipona-acapulco-fortalece-su-desarrollo-portuario-con-la-incorporacion-de-nueva-superficie-al-recinto\\\/#breadcrumblist\"},\"author\":{\"@id\":\"https:\\\/\\\/puertoacapulco.com.mx\\\/index.php\\\/author\\\/asalinas\\\/#author\"},\"creator\":{\"@id\":\"https:\\\/\\\/puertoacapulco.com.mx\\\/index.php\\\/author\\\/asalinas\\\/#author\"},\"image\":{\"@type\":\"ImageObject\",\"url\":\"https:\\\/\\\/puertoacapulco.com.mx\\\/wp-content\\\/uploads\\\/2025\\\/06\\\/imagen4-scaled.jpeg\",\"@id\":\"https:\\\/\\\/puertoacapulco.com.mx\\\/index.php\\\/2025\\\/06\\\/20\\\/asipona-acapulco-fortalece-su-desarrollo-portuario-con-la-incorporacion-de-nueva-superficie-al-recinto\\\/#mainImage\",\"width\":2560,\"height\":1920},\"primaryImageOfPage\":{\"@id\":\"https:\\\/\\\/puertoacapulco.com.mx\\\/index.php\\\/2025\\\/06\\\/20\\\/asipona-acapulco-fortalece-su-desarrollo-portuario-con-la-incorporacion-de-nueva-superficie-al-recinto\\\/#mainImage\"},\"datePublished\":\"2025-06-20T14:32:02-06:00\",\"dateModified\":\"2025-06-20T15:15:53-06:00\"},{\"@type\":\"WebSite\",\"@id\":\"https:\\\/\\\/puertoacapulco.com.mx\\\/#website\",\"url\":\"https:\\\/\\\/puertoacapulco.com.mx\\\/\",\"name\":\"ASIPONA ACAPULCO\",\"description\":\"Administraci\\u00f3n del Sistema Portuario Nacional Acapulco, S.A. de C.V.\",\"inLanguage\":\"es-ES\",\"publisher\":{\"@id\":\"https:\\\/\\\/puertoacapulco.com.mx\\\/#organization\"}}]}\n\t\t<\/script>\n\t\t<!-- All in One SEO -->\n\n","aioseo_head_json":{"title":"ASIPONA Acapulco fortalece su desarrollo portuario con la incorporaci\u00f3n de nueva superficie al recinto - ASIPONA ACAPULCO","description":"La Administraci\u00f3n del Sistema Portuario Nacional Acapulco (ASIPONA Acapulco) informa que este 11 de junio de 2025 fue publicada en el Diario Oficial de la Federaci\u00f3n (DOF) la Primera Modificaci\u00f3n al T\u00edtulo de Concesi\u00f3n otorgado por la Secretar\u00eda de Marina, a favor del Puerto de Acapulco. Mediante esta modificaci\u00f3n, se incorpora una superficie adicional de","canonical_url":"https:\/\/puertoacapulco.com.mx\/index.php\/2025\/06\/20\/asipona-acapulco-fortalece-su-desarrollo-portuario-con-la-incorporacion-de-nueva-superficie-al-recinto\/","robots":"max-image-preview:large","keywords":"","webmasterTools":{"miscellaneous":""},"schema":{"@context":"https:\/\/schema.org","@graph":[{"@type":"BlogPosting","@id":"https:\/\/puertoacapulco.com.mx\/index.php\/2025\/06\/20\/asipona-acapulco-fortalece-su-desarrollo-portuario-con-la-incorporacion-de-nueva-superficie-al-recinto\/#blogposting","name":"ASIPONA Acapulco fortalece su desarrollo portuario con la incorporaci\u00f3n de nueva superficie al recinto - ASIPONA ACAPULCO","headline":"ASIPONA Acapulco fortalece su desarrollo portuario con la incorporaci\u00f3n de nueva superficie al recinto","author":{"@id":"https:\/\/puertoacapulco.com.mx\/index.php\/author\/asalinas\/#author"},"publisher":{"@id":"https:\/\/puertoacapulco.com.mx\/#organization"},"image":{"@type":"ImageObject","url":"https:\/\/puertoacapulco.com.mx\/wp-content\/uploads\/2025\/06\/imagen4-scaled.jpeg","width":2560,"height":1920},"datePublished":"2025-06-20T14:32:02-06:00","dateModified":"2025-06-20T15:15:53-06:00","inLanguage":"es-ES","mainEntityOfPage":{"@id":"https:\/\/puertoacapulco.com.mx\/index.php\/2025\/06\/20\/asipona-acapulco-fortalece-su-desarrollo-portuario-con-la-incorporacion-de-nueva-superficie-al-recinto\/#webpage"},"isPartOf":{"@id":"https:\/\/puertoacapulco.com.mx\/index.php\/2025\/06\/20\/asipona-acapulco-fortalece-su-desarrollo-portuario-con-la-incorporacion-de-nueva-superficie-al-recinto\/#webpage"},"articleSection":"Blog"},{"@type":"BreadcrumbList","@id":"https:\/\/puertoacapulco.com.mx\/index.php\/2025\/06\/20\/asipona-acapulco-fortalece-su-desarrollo-portuario-con-la-incorporacion-de-nueva-superficie-al-recinto\/#breadcrumblist","itemListElement":[{"@type":"ListItem","@id":"https:\/\/puertoacapulco.com.mx#listItem","position":1,"name":"Home","item":"https:\/\/puertoacapulco.com.mx","nextItem":{"@type":"ListItem","@id":"https:\/\/puertoacapulco.com.mx\/index.php\/category\/blog\/#listItem","name":"Blog"}},{"@type":"ListItem","@id":"https:\/\/puertoacapulco.com.mx\/index.php\/category\/blog\/#listItem","position":2,"name":"Blog","item":"https:\/\/puertoacapulco.com.mx\/index.php\/category\/blog\/","nextItem":{"@type":"ListItem","@id":"https:\/\/puertoacapulco.com.mx\/index.php\/2025\/06\/20\/asipona-acapulco-fortalece-su-desarrollo-portuario-con-la-incorporacion-de-nueva-superficie-al-recinto\/#listItem","name":"ASIPONA Acapulco fortalece su desarrollo portuario con la incorporaci\u00f3n de nueva superficie al recinto"},"previousItem":{"@type":"ListItem","@id":"https:\/\/puertoacapulco.com.mx#listItem","name":"Home"}},{"@type":"ListItem","@id":"https:\/\/puertoacapulco.com.mx\/index.php\/2025\/06\/20\/asipona-acapulco-fortalece-su-desarrollo-portuario-con-la-incorporacion-de-nueva-superficie-al-recinto\/#listItem","position":3,"name":"ASIPONA Acapulco fortalece su desarrollo portuario con la incorporaci\u00f3n de nueva superficie al recinto","previousItem":{"@type":"ListItem","@id":"https:\/\/puertoacapulco.com.mx\/index.php\/category\/blog\/#listItem","name":"Blog"}}]},{"@type":"Organization","@id":"https:\/\/puertoacapulco.com.mx\/#organization","name":"ASIPONA ACAPULCO","description":"Administraci\u00f3n del Sistema Portuario Nacional Acapulco, S.A. de C.V.","url":"https:\/\/puertoacapulco.com.mx\/"},{"@type":"Person","@id":"https:\/\/puertoacapulco.com.mx\/index.php\/author\/asalinas\/#author","url":"https:\/\/puertoacapulco.com.mx\/index.php\/author\/asalinas\/","name":"asalinas","image":{"@type":"ImageObject","@id":"https:\/\/puertoacapulco.com.mx\/index.php\/2025\/06\/20\/asipona-acapulco-fortalece-su-desarrollo-portuario-con-la-incorporacion-de-nueva-superficie-al-recinto\/#authorImage","url":"https:\/\/secure.gravatar.com\/avatar\/b6c055081f3c0f1451ecb6825bcb3fe72b9f2ab11e1ae4208d86f5cc44d4afe3?s=96&d=mm&r=g","width":96,"height":96,"caption":"asalinas"}},{"@type":"WebPage","@id":"https:\/\/puertoacapulco.com.mx\/index.php\/2025\/06\/20\/asipona-acapulco-fortalece-su-desarrollo-portuario-con-la-incorporacion-de-nueva-superficie-al-recinto\/#webpage","url":"https:\/\/puertoacapulco.com.mx\/index.php\/2025\/06\/20\/asipona-acapulco-fortalece-su-desarrollo-portuario-con-la-incorporacion-de-nueva-superficie-al-recinto\/","name":"ASIPONA Acapulco fortalece su desarrollo portuario con la incorporaci\u00f3n de nueva superficie al recinto - ASIPONA ACAPULCO","description":"La Administraci\u00f3n del Sistema Portuario Nacional Acapulco (ASIPONA Acapulco) informa que este 11 de junio de 2025 fue publicada en el Diario Oficial de la Federaci\u00f3n (DOF) la Primera Modificaci\u00f3n al T\u00edtulo de Concesi\u00f3n otorgado por la Secretar\u00eda de Marina, a favor del Puerto de Acapulco. Mediante esta modificaci\u00f3n, se incorpora una superficie adicional de","inLanguage":"es-ES","isPartOf":{"@id":"https:\/\/puertoacapulco.com.mx\/#website"},"breadcrumb":{"@id":"https:\/\/puertoacapulco.com.mx\/index.php\/2025\/06\/20\/asipona-acapulco-fortalece-su-desarrollo-portuario-con-la-incorporacion-de-nueva-superficie-al-recinto\/#breadcrumblist"},"author":{"@id":"https:\/\/puertoacapulco.com.mx\/index.php\/author\/asalinas\/#author"},"creator":{"@id":"https:\/\/puertoacapulco.com.mx\/index.php\/author\/asalinas\/#author"},"image":{"@type":"ImageObject","url":"https:\/\/puertoacapulco.com.mx\/wp-content\/uploads\/2025\/06\/imagen4-scaled.jpeg","@id":"https:\/\/puertoacapulco.com.mx\/index.php\/2025\/06\/20\/asipona-acapulco-fortalece-su-desarrollo-portuario-con-la-incorporacion-de-nueva-superficie-al-recinto\/#mainImage","width":2560,"height":1920},"primaryImageOfPage":{"@id":"https:\/\/puertoacapulco.com.mx\/index.php\/2025\/06\/20\/asipona-acapulco-fortalece-su-desarrollo-portuario-con-la-incorporacion-de-nueva-superficie-al-recinto\/#mainImage"},"datePublished":"2025-06-20T14:32:02-06:00","dateModified":"2025-06-20T15:15:53-06:00"},{"@type":"WebSite","@id":"https:\/\/puertoacapulco.com.mx\/#website","url":"https:\/\/puertoacapulco.com.mx\/","name":"ASIPONA ACAPULCO","description":"Administraci\u00f3n del Sistema Portuario Nacional Acapulco, S.A. de C.V.","inLanguage":"es-ES","publisher":{"@id":"https:\/\/puertoacapulco.com.mx\/#organization"}}]},"og:locale":"es_ES","og:site_name":"ASIPONA ACAPULCO - Administraci\u00f3n del Sistema Portuario Nacional Acapulco, S.A. de C.V.","og:type":"article","og:title":"ASIPONA Acapulco fortalece su desarrollo portuario con la incorporaci\u00f3n de nueva superficie al recinto - ASIPONA ACAPULCO","og:description":"La Administraci\u00f3n del Sistema Portuario Nacional Acapulco (ASIPONA Acapulco) informa que este 11 de junio de 2025 fue publicada en el Diario Oficial de la Federaci\u00f3n (DOF) la Primera Modificaci\u00f3n al T\u00edtulo de Concesi\u00f3n otorgado por la Secretar\u00eda de Marina, a favor del Puerto de Acapulco. Mediante esta modificaci\u00f3n, se incorpora una superficie adicional de","og:url":"https:\/\/puertoacapulco.com.mx\/index.php\/2025\/06\/20\/asipona-acapulco-fortalece-su-desarrollo-portuario-con-la-incorporacion-de-nueva-superficie-al-recinto\/","og:image":"https:\/\/puertoacapulco.com.mx\/wp-content\/uploads\/2023\/09\/cropped-cropped-Captura-de-pantalla-2023-09-04-105114.png","og:image:secure_url":"https:\/\/puertoacapulco.com.mx\/wp-content\/uploads\/2023\/09\/cropped-cropped-Captura-de-pantalla-2023-09-04-105114.png","og:image:width":151,"og:image:height":55,"article:published_time":"2025-06-20T20:32:02+00:00","article:modified_time":"2025-06-20T21:15:53+00:00","twitter:card":"summary_large_image","twitter:title":"ASIPONA Acapulco fortalece su desarrollo portuario con la incorporaci\u00f3n de nueva superficie al recinto - ASIPONA ACAPULCO","twitter:description":"La Administraci\u00f3n del Sistema Portuario Nacional Acapulco (ASIPONA Acapulco) informa que este 11 de junio de 2025 fue publicada en el Diario Oficial de la Federaci\u00f3n (DOF) la Primera Modificaci\u00f3n al T\u00edtulo de Concesi\u00f3n otorgado por la Secretar\u00eda de Marina, a favor del Puerto de Acapulco. Mediante esta modificaci\u00f3n, se incorpora una superficie adicional de","twitter:image":"https:\/\/puertoacapulco.com.mx\/wp-content\/uploads\/2023\/09\/cropped-cropped-Captura-de-pantalla-2023-09-04-105114.png"},"aioseo_meta_data":{"post_id":"2390","title":null,"description":null,"keywords":[],"keyphrases":{"focus":{"keyphrase":"","score":0,"analysis":{"keyphraseInTitle":{"score":0,"maxScore":9,"error":1}}},"additional":[]},"primary_term":null,"canonical_url":null,"og_title":null,"og_description":null,"og_object_type":"default","og_image_type":"default","og_image_url":null,"og_image_width":null,"og_image_height":null,"og_image_custom_url":null,"og_image_custom_fields":null,"og_video":"","og_custom_url":null,"og_article_section":null,"og_article_tags":[],"twitter_use_og":false,"twitter_card":"default","twitter_image_type":"default","twitter_image_url":null,"twitter_image_custom_url":null,"twitter_image_custom_fields":null,"twitter_title":null,"twitter_description":null,"schema":{"blockGraphs":[],"customGraphs":[],"default":{"data":{"Article":[],"Course":[],"Dataset":[],"FAQPage":[],"Movie":[],"Person":[],"Product":[],"ProductReview":[],"Car":[],"Recipe":[],"Service":[],"SoftwareApplication":[],"WebPage":[]},"graphName":"BlogPosting","isEnabled":true},"graphs":[]},"schema_type":"default","schema_type_options":null,"pillar_content":false,"robots_default":true,"robots_noindex":false,"robots_noarchive":false,"robots_nosnippet":false,"robots_nofollow":false,"robots_noimageindex":false,"robots_noodp":false,"robots_notranslate":false,"robots_max_snippet":"-1","robots_max_videopreview":"-1","robots_max_imagepreview":"large","priority":null,"frequency":"default","local_seo":null,"limit_modified_date":false,"created":"2025-06-20 20:32:02","updated":"2026-07-30 21:49:47","ai":null,"breadcrumb_settings":null,"seo_analyzer_scan_date":null},"aioseo_breadcrumb":"<div class=\"aioseo-breadcrumbs\"><span class=\"aioseo-breadcrumb\">\n\t\t\t<a href=\"https:\/\/puertoacapulco.com.mx\" title=\"Home\">Home<\/a>\n\t\t<\/span><span class=\"aioseo-breadcrumb-separator\">&raquo;<\/span><span class=\"aioseo-breadcrumb\">\n\t\t\t<a href=\"https:\/\/puertoacapulco.com.mx\/index.php\/category\/blog\/\" title=\"Blog\">Blog<\/a>\n\t\t<\/span><span class=\"aioseo-breadcrumb-separator\">&raquo;<\/span><span class=\"aioseo-breadcrumb\">\n\t\t\tASIPONA Acapulco fortalece su desarrollo portuario con la incorporaci\u00f3n de nueva superficie al recinto\n\t\t<\/span><\/div>","aioseo_breadcrumb_json":[{"label":"Home","link":"https:\/\/puertoacapulco.com.mx"},{"label":"Blog","link":"https:\/\/puertoacapulco.com.mx\/index.php\/category\/blog\/"},{"label":"ASIPONA Acapulco fortalece su desarrollo portuario con la incorporaci\u00f3n de nueva superficie al recinto","link":"https:\/\/puertoacapulco.com.mx\/index.php\/2025\/06\/20\/asipona-acapulco-fortalece-su-desarrollo-portuario-con-la-incorporacion-de-nueva-superficie-al-recinto\/"}],"yoast_head":"<!-- This site is optimized with the Yoast SEO plugin v28.1 - https:\/\/yoast.com\/product\/yoast-seo-wordpress\/ -->\n<title>ASIPONA Acapulco fortalece su desarrollo portuario con la incorporaci\u00f3n de nueva superficie al recinto - ASIPONA ACAPULCO<\/title>\n<meta name=\"robots\" content=\"index, follow, max-snippet:-1, max-image-preview:large, max-video-preview:-1\" \/>\n<link rel=\"canonical\" href=\"https:\/\/puertoacapulco.com.mx\/index.php\/2025\/06\/20\/asipona-acapulco-fortalece-su-desarrollo-portuario-con-la-incorporacion-de-nueva-superficie-al-recinto\/\" \/>\n<meta property=\"og:locale\" content=\"es_ES\" \/>\n<meta property=\"og:type\" content=\"article\" \/>\n<meta property=\"og:title\" content=\"ASIPONA Acapulco fortalece su desarrollo portuario con la incorporaci\u00f3n de nueva superficie al recinto - ASIPONA ACAPULCO\" \/>\n<meta property=\"og:description\" content=\"La Administraci\u00f3n del Sistema Portuario Nacional Acapulco (ASIPONA Acapulco) informa que este 11 de junio de 2025 fue publicada en\" \/>\n<meta property=\"og:url\" content=\"https:\/\/puertoacapulco.com.mx\/index.php\/2025\/06\/20\/asipona-acapulco-fortalece-su-desarrollo-portuario-con-la-incorporacion-de-nueva-superficie-al-recinto\/\" \/>\n<meta property=\"og:site_name\" content=\"ASIPONA ACAPULCO\" \/>\n<meta property=\"article:publisher\" content=\"https:\/\/www.facebook.com\/PuertoAca\" \/>\n<meta property=\"article:published_time\" content=\"2025-06-20T20:32:02+00:00\" \/>\n<meta property=\"article:modified_time\" content=\"2025-06-20T21:15:53+00:00\" \/>\n<meta property=\"og:image\" content=\"https:\/\/puertoacapulco.com.mx\/wp-content\/uploads\/2025\/06\/imagen4-scaled.jpeg\" \/>\n\t<meta property=\"og:image:width\" content=\"2560\" \/>\n\t<meta property=\"og:image:height\" content=\"1920\" \/>\n\t<meta property=\"og:image:type\" content=\"image\/jpeg\" \/>\n<meta name=\"author\" content=\"asalinas\" \/>\n<meta name=\"twitter:card\" content=\"summary_large_image\" \/>\n<meta name=\"twitter:creator\" content=\"@PuertoAca\" \/>\n<meta name=\"twitter:site\" content=\"@PuertoAca\" \/>\n<meta name=\"twitter:label1\" content=\"Escrito por\" \/>\n\t<meta name=\"twitter:data1\" content=\"asalinas\" \/>\n\t<meta name=\"twitter:label2\" content=\"Tiempo de lectura\" \/>\n\t<meta name=\"twitter:data2\" content=\"2 minutos\" \/>\n<script type=\"application\/ld+json\" class=\"yoast-schema-graph\">{\"@context\":\"https:\\\/\\\/schema.org\",\"@graph\":[{\"@type\":\"Article\",\"@id\":\"https:\\\/\\\/puertoacapulco.com.mx\\\/index.php\\\/2025\\\/06\\\/20\\\/asipona-acapulco-fortalece-su-desarrollo-portuario-con-la-incorporacion-de-nueva-superficie-al-recinto\\\/#article\",\"isPartOf\":{\"@id\":\"https:\\\/\\\/puertoacapulco.com.mx\\\/index.php\\\/2025\\\/06\\\/20\\\/asipona-acapulco-fortalece-su-desarrollo-portuario-con-la-incorporacion-de-nueva-superficie-al-recinto\\\/\"},\"author\":{\"name\":\"asalinas\",\"@id\":\"https:\\\/\\\/puertoacapulco.com.mx\\\/#\\\/schema\\\/person\\\/4fdee729ba846bbad38f412e92b85eae\"},\"headline\":\"ASIPONA Acapulco fortalece su desarrollo portuario con la incorporaci\u00f3n de nueva superficie al recinto\",\"datePublished\":\"2025-06-20T20:32:02+00:00\",\"dateModified\":\"2025-06-20T21:15:53+00:00\",\"mainEntityOfPage\":{\"@id\":\"https:\\\/\\\/puertoacapulco.com.mx\\\/index.php\\\/2025\\\/06\\\/20\\\/asipona-acapulco-fortalece-su-desarrollo-portuario-con-la-incorporacion-de-nueva-superficie-al-recinto\\\/\"},\"wordCount\":178,\"publisher\":{\"@id\":\"https:\\\/\\\/puertoacapulco.com.mx\\\/#organization\"},\"image\":{\"@id\":\"https:\\\/\\\/puertoacapulco.com.mx\\\/index.php\\\/2025\\\/06\\\/20\\\/asipona-acapulco-fortalece-su-desarrollo-portuario-con-la-incorporacion-de-nueva-superficie-al-recinto\\\/#primaryimage\"},\"thumbnailUrl\":\"https:\\\/\\\/puertoacapulco.com.mx\\\/wp-content\\\/uploads\\\/2025\\\/06\\\/imagen4-scaled.jpeg\",\"articleSection\":[\"Blog\"],\"inLanguage\":\"es\"},{\"@type\":\"WebPage\",\"@id\":\"https:\\\/\\\/puertoacapulco.com.mx\\\/index.php\\\/2025\\\/06\\\/20\\\/asipona-acapulco-fortalece-su-desarrollo-portuario-con-la-incorporacion-de-nueva-superficie-al-recinto\\\/\",\"url\":\"https:\\\/\\\/puertoacapulco.com.mx\\\/index.php\\\/2025\\\/06\\\/20\\\/asipona-acapulco-fortalece-su-desarrollo-portuario-con-la-incorporacion-de-nueva-superficie-al-recinto\\\/\",\"name\":\"ASIPONA Acapulco fortalece su desarrollo portuario con la incorporaci\u00f3n de nueva superficie al recinto - ASIPONA ACAPULCO\",\"isPartOf\":{\"@id\":\"https:\\\/\\\/puertoacapulco.com.mx\\\/#website\"},\"primaryImageOfPage\":{\"@id\":\"https:\\\/\\\/puertoacapulco.com.mx\\\/index.php\\\/2025\\\/06\\\/20\\\/asipona-acapulco-fortalece-su-desarrollo-portuario-con-la-incorporacion-de-nueva-superficie-al-recinto\\\/#primaryimage\"},\"image\":{\"@id\":\"https:\\\/\\\/puertoacapulco.com.mx\\\/index.php\\\/2025\\\/06\\\/20\\\/asipona-acapulco-fortalece-su-desarrollo-portuario-con-la-incorporacion-de-nueva-superficie-al-recinto\\\/#primaryimage\"},\"thumbnailUrl\":\"https:\\\/\\\/puertoacapulco.com.mx\\\/wp-content\\\/uploads\\\/2025\\\/06\\\/imagen4-scaled.jpeg\",\"datePublished\":\"2025-06-20T20:32:02+00:00\",\"dateModified\":\"2025-06-20T21:15:53+00:00\",\"breadcrumb\":{\"@id\":\"https:\\\/\\\/puertoacapulco.com.mx\\\/index.php\\\/2025\\\/06\\\/20\\\/asipona-acapulco-fortalece-su-desarrollo-portuario-con-la-incorporacion-de-nueva-superficie-al-recinto\\\/#breadcrumb\"},\"inLanguage\":\"es\",\"potentialAction\":[{\"@type\":\"ReadAction\",\"target\":[\"https:\\\/\\\/puertoacapulco.com.mx\\\/index.php\\\/2025\\\/06\\\/20\\\/asipona-acapulco-fortalece-su-desarrollo-portuario-con-la-incorporacion-de-nueva-superficie-al-recinto\\\/\"]}]},{\"@type\":\"ImageObject\",\"inLanguage\":\"es\",\"@id\":\"https:\\\/\\\/puertoacapulco.com.mx\\\/index.php\\\/2025\\\/06\\\/20\\\/asipona-acapulco-fortalece-su-desarrollo-portuario-con-la-incorporacion-de-nueva-superficie-al-recinto\\\/#primaryimage\",\"url\":\"https:\\\/\\\/puertoacapulco.com.mx\\\/wp-content\\\/uploads\\\/2025\\\/06\\\/imagen4-scaled.jpeg\",\"contentUrl\":\"https:\\\/\\\/puertoacapulco.com.mx\\\/wp-content\\\/uploads\\\/2025\\\/06\\\/imagen4-scaled.jpeg\",\"width\":2560,\"height\":1920},{\"@type\":\"BreadcrumbList\",\"@id\":\"https:\\\/\\\/puertoacapulco.com.mx\\\/index.php\\\/2025\\\/06\\\/20\\\/asipona-acapulco-fortalece-su-desarrollo-portuario-con-la-incorporacion-de-nueva-superficie-al-recinto\\\/#breadcrumb\",\"itemListElement\":[{\"@type\":\"ListItem\",\"position\":1,\"name\":\"Portada\",\"item\":\"https:\\\/\\\/puertoacapulco.com.mx\\\/\"},{\"@type\":\"ListItem\",\"position\":2,\"name\":\"ASIPONA Acapulco fortalece su desarrollo portuario con la incorporaci\u00f3n de nueva superficie al recinto\"}]},{\"@type\":\"WebSite\",\"@id\":\"https:\\\/\\\/puertoacapulco.com.mx\\\/#website\",\"url\":\"https:\\\/\\\/puertoacapulco.com.mx\\\/\",\"name\":\"ASIPONA ACAPULCO\",\"description\":\"Administraci\u00f3n del Sistema Portuario Nacional Acapulco, S.A. de C.V.\",\"publisher\":{\"@id\":\"https:\\\/\\\/puertoacapulco.com.mx\\\/#organization\"},\"potentialAction\":[{\"@type\":\"SearchAction\",\"target\":{\"@type\":\"EntryPoint\",\"urlTemplate\":\"https:\\\/\\\/puertoacapulco.com.mx\\\/?s={search_term_string}\"},\"query-input\":{\"@type\":\"PropertyValueSpecification\",\"valueRequired\":true,\"valueName\":\"search_term_string\"}}],\"inLanguage\":\"es\"},{\"@type\":\"Organization\",\"@id\":\"https:\\\/\\\/puertoacapulco.com.mx\\\/#organization\",\"name\":\"ASIPONA ACAPULCO\",\"url\":\"https:\\\/\\\/puertoacapulco.com.mx\\\/\",\"logo\":{\"@type\":\"ImageObject\",\"inLanguage\":\"es\",\"@id\":\"https:\\\/\\\/puertoacapulco.com.mx\\\/#\\\/schema\\\/logo\\\/image\\\/\",\"url\":\"https:\\\/\\\/puertoacapulco.com.mx\\\/wp-content\\\/uploads\\\/2023\\\/09\\\/cropped-LOGO-ASIPONA-EN-CURVAS-COLOR-BLANCO-Y-NEGRO-01-1.png\",\"contentUrl\":\"https:\\\/\\\/puertoacapulco.com.mx\\\/wp-content\\\/uploads\\\/2023\\\/09\\\/cropped-LOGO-ASIPONA-EN-CURVAS-COLOR-BLANCO-Y-NEGRO-01-1.png\",\"width\":2838,\"height\":3005,\"caption\":\"ASIPONA ACAPULCO\"},\"image\":{\"@id\":\"https:\\\/\\\/puertoacapulco.com.mx\\\/#\\\/schema\\\/logo\\\/image\\\/\"},\"sameAs\":[\"https:\\\/\\\/www.facebook.com\\\/PuertoAca\",\"https:\\\/\\\/x.com\\\/PuertoAca\"]},{\"@type\":\"Person\",\"@id\":\"https:\\\/\\\/puertoacapulco.com.mx\\\/#\\\/schema\\\/person\\\/4fdee729ba846bbad38f412e92b85eae\",\"name\":\"asalinas\",\"image\":{\"@type\":\"ImageObject\",\"inLanguage\":\"es\",\"@id\":\"https:\\\/\\\/secure.gravatar.com\\\/avatar\\\/b6c055081f3c0f1451ecb6825bcb3fe72b9f2ab11e1ae4208d86f5cc44d4afe3?s=96&d=mm&r=g\",\"url\":\"https:\\\/\\\/secure.gravatar.com\\\/avatar\\\/b6c055081f3c0f1451ecb6825bcb3fe72b9f2ab11e1ae4208d86f5cc44d4afe3?s=96&d=mm&r=g\",\"contentUrl\":\"https:\\\/\\\/secure.gravatar.com\\\/avatar\\\/b6c055081f3c0f1451ecb6825bcb3fe72b9f2ab11e1ae4208d86f5cc44d4afe3?s=96&d=mm&r=g\",\"caption\":\"asalinas\"},\"url\":\"https:\\\/\\\/puertoacapulco.com.mx\\\/index.php\\\/author\\\/asalinas\\\/\"}]}<\/script>\n<!-- \/ Yoast SEO plugin. -->","yoast_head_json":{"title":"ASIPONA Acapulco fortalece su desarrollo portuario con la incorporaci\u00f3n de nueva superficie al recinto - ASIPONA ACAPULCO","robots":{"index":"index","follow":"follow","max-snippet":"max-snippet:-1","max-image-preview":"max-image-preview:large","max-video-preview":"max-video-preview:-1"},"canonical":"https:\/\/puertoacapulco.com.mx\/index.php\/2025\/06\/20\/asipona-acapulco-fortalece-su-desarrollo-portuario-con-la-incorporacion-de-nueva-superficie-al-recinto\/","og_locale":"es_ES","og_type":"article","og_title":"ASIPONA Acapulco fortalece su desarrollo portuario con la incorporaci\u00f3n de nueva superficie al recinto - ASIPONA ACAPULCO","og_description":"La Administraci\u00f3n del Sistema Portuario Nacional Acapulco (ASIPONA Acapulco) informa que este 11 de junio de 2025 fue publicada en","og_url":"https:\/\/puertoacapulco.com.mx\/index.php\/2025\/06\/20\/asipona-acapulco-fortalece-su-desarrollo-portuario-con-la-incorporacion-de-nueva-superficie-al-recinto\/","og_site_name":"ASIPONA ACAPULCO","article_publisher":"https:\/\/www.facebook.com\/PuertoAca","article_published_time":"2025-06-20T20:32:02+00:00","article_modified_time":"2025-06-20T21:15:53+00:00","og_image":[{"width":2560,"height":1920,"url":"https:\/\/puertoacapulco.com.mx\/wp-content\/uploads\/2025\/06\/imagen4-scaled.jpeg","type":"image\/jpeg"}],"author":"asalinas","twitter_card":"summary_large_image","twitter_creator":"@PuertoAca","twitter_site":"@PuertoAca","twitter_misc":{"Escrito por":"asalinas","Tiempo de lectura":"2 minutos"},"schema":{"@context":"https:\/\/schema.org","@graph":[{"@type":"Article","@id":"https:\/\/puertoacapulco.com.mx\/index.php\/2025\/06\/20\/asipona-acapulco-fortalece-su-desarrollo-portuario-con-la-incorporacion-de-nueva-superficie-al-recinto\/#article","isPartOf":{"@id":"https:\/\/puertoacapulco.com.mx\/index.php\/2025\/06\/20\/asipona-acapulco-fortalece-su-desarrollo-portuario-con-la-incorporacion-de-nueva-superficie-al-recinto\/"},"author":{"name":"asalinas","@id":"https:\/\/puertoacapulco.com.mx\/#\/schema\/person\/4fdee729ba846bbad38f412e92b85eae"},"headline":"ASIPONA Acapulco fortalece su desarrollo portuario con la incorporaci\u00f3n de nueva superficie al recinto","datePublished":"2025-06-20T20:32:02+00:00","dateModified":"2025-06-20T21:15:53+00:00","mainEntityOfPage":{"@id":"https:\/\/puertoacapulco.com.mx\/index.php\/2025\/06\/20\/asipona-acapulco-fortalece-su-desarrollo-portuario-con-la-incorporacion-de-nueva-superficie-al-recinto\/"},"wordCount":178,"publisher":{"@id":"https:\/\/puertoacapulco.com.mx\/#organization"},"image":{"@id":"https:\/\/puertoacapulco.com.mx\/index.php\/2025\/06\/20\/asipona-acapulco-fortalece-su-desarrollo-portuario-con-la-incorporacion-de-nueva-superficie-al-recinto\/#primaryimage"},"thumbnailUrl":"https:\/\/puertoacapulco.com.mx\/wp-content\/uploads\/2025\/06\/imagen4-scaled.jpeg","articleSection":["Blog"],"inLanguage":"es"},{"@type":"WebPage","@id":"https:\/\/puertoacapulco.com.mx\/index.php\/2025\/06\/20\/asipona-acapulco-fortalece-su-desarrollo-portuario-con-la-incorporacion-de-nueva-superficie-al-recinto\/","url":"https:\/\/puertoacapulco.com.mx\/index.php\/2025\/06\/20\/asipona-acapulco-fortalece-su-desarrollo-portuario-con-la-incorporacion-de-nueva-superficie-al-recinto\/","name":"ASIPONA Acapulco fortalece su desarrollo portuario con la incorporaci\u00f3n de nueva superficie al recinto - ASIPONA ACAPULCO","isPartOf":{"@id":"https:\/\/puertoacapulco.com.mx\/#website"},"primaryImageOfPage":{"@id":"https:\/\/puertoacapulco.com.mx\/index.php\/2025\/06\/20\/asipona-acapulco-fortalece-su-desarrollo-portuario-con-la-incorporacion-de-nueva-superficie-al-recinto\/#primaryimage"},"image":{"@id":"https:\/\/puertoacapulco.com.mx\/index.php\/2025\/06\/20\/asipona-acapulco-fortalece-su-desarrollo-portuario-con-la-incorporacion-de-nueva-superficie-al-recinto\/#primaryimage"},"thumbnailUrl":"https:\/\/puertoacapulco.com.mx\/wp-content\/uploads\/2025\/06\/imagen4-scaled.jpeg","datePublished":"2025-06-20T20:32:02+00:00","dateModified":"2025-06-20T21:15:53+00:00","breadcrumb":{"@id":"https:\/\/puertoacapulco.com.mx\/index.php\/2025\/06\/20\/asipona-acapulco-fortalece-su-desarrollo-portuario-con-la-incorporacion-de-nueva-superficie-al-recinto\/#breadcrumb"},"inLanguage":"es","potentialAction":[{"@type":"ReadAction","target":["https:\/\/puertoacapulco.com.mx\/index.php\/2025\/06\/20\/asipona-acapulco-fortalece-su-desarrollo-portuario-con-la-incorporacion-de-nueva-superficie-al-recinto\/"]}]},{"@type":"ImageObject","inLanguage":"es","@id":"https:\/\/puertoacapulco.com.mx\/index.php\/2025\/06\/20\/asipona-acapulco-fortalece-su-desarrollo-portuario-con-la-incorporacion-de-nueva-superficie-al-recinto\/#primaryimage","url":"https:\/\/puertoacapulco.com.mx\/wp-content\/uploads\/2025\/06\/imagen4-scaled.jpeg","contentUrl":"https:\/\/puertoacapulco.com.mx\/wp-content\/uploads\/2025\/06\/imagen4-scaled.jpeg","width":2560,"height":1920},{"@type":"BreadcrumbList","@id":"https:\/\/puertoacapulco.com.mx\/index.php\/2025\/06\/20\/asipona-acapulco-fortalece-su-desarrollo-portuario-con-la-incorporacion-de-nueva-superficie-al-recinto\/#breadcrumb","itemListElement":[{"@type":"ListItem","position":1,"name":"Portada","item":"https:\/\/puertoacapulco.com.mx\/"},{"@type":"ListItem","position":2,"name":"ASIPONA Acapulco fortalece su desarrollo portuario con la incorporaci\u00f3n de nueva superficie al recinto"}]},{"@type":"WebSite","@id":"https:\/\/puertoacapulco.com.mx\/#website","url":"https:\/\/puertoacapulco.com.mx\/","name":"ASIPONA ACAPULCO","description":"Administraci\u00f3n del Sistema Portuario Nacional Acapulco, S.A. de C.V.","publisher":{"@id":"https:\/\/puertoacapulco.com.mx\/#organization"},"potentialAction":[{"@type":"SearchAction","target":{"@type":"EntryPoint","urlTemplate":"https:\/\/puertoacapulco.com.mx\/?s={search_term_string}"},"query-input":{"@type":"PropertyValueSpecification","valueRequired":true,"valueName":"search_term_string"}}],"inLanguage":"es"},{"@type":"Organization","@id":"https:\/\/puertoacapulco.com.mx\/#organization","name":"ASIPONA ACAPULCO","url":"https:\/\/puertoacapulco.com.mx\/","logo":{"@type":"ImageObject","inLanguage":"es","@id":"https:\/\/puertoacapulco.com.mx\/#\/schema\/logo\/image\/","url":"https:\/\/puertoacapulco.com.mx\/wp-content\/uploads\/2023\/09\/cropped-LOGO-ASIPONA-EN-CURVAS-COLOR-BLANCO-Y-NEGRO-01-1.png","contentUrl":"https:\/\/puertoacapulco.com.mx\/wp-content\/uploads\/2023\/09\/cropped-LOGO-ASIPONA-EN-CURVAS-COLOR-BLANCO-Y-NEGRO-01-1.png","width":2838,"height":3005,"caption":"ASIPONA ACAPULCO"},"image":{"@id":"https:\/\/puertoacapulco.com.mx\/#\/schema\/logo\/image\/"},"sameAs":["https:\/\/www.facebook.com\/PuertoAca","https:\/\/x.com\/PuertoAca"]},{"@type":"Person","@id":"https:\/\/puertoacapulco.com.mx\/#\/schema\/person\/4fdee729ba846bbad38f412e92b85eae","name":"asalinas","image":{"@type":"ImageObject","inLanguage":"es","@id":"https:\/\/secure.gravatar.com\/avatar\/b6c055081f3c0f1451ecb6825bcb3fe72b9f2ab11e1ae4208d86f5cc44d4afe3?s=96&d=mm&r=g","url":"https:\/\/secure.gravatar.com\/avatar\/b6c055081f3c0f1451ecb6825bcb3fe72b9f2ab11e1ae4208d86f5cc44d4afe3?s=96&d=mm&r=g","contentUrl":"https:\/\/secure.gravatar.com\/avatar\/b6c055081f3c0f1451ecb6825bcb3fe72b9f2ab11e1ae4208d86f5cc44d4afe3?s=96&d=mm&r=g","caption":"asalinas"},"url":"https:\/\/puertoacapulco.com.mx\/index.php\/author\/asalinas\/"}]}},"_links":{"self":[{"href":"https:\/\/puertoacapulco.com.mx\/index.php\/wp-json\/wp\/v2\/posts\/2390","targetHints":{"allow":["GET"]}}],"collection":[{"href":"https:\/\/puertoacapulco.com.mx\/index.php\/wp-json\/wp\/v2\/posts"}],"about":[{"href":"https:\/\/puertoacapulco.com.mx\/index.php\/wp-json\/wp\/v2\/types\/post"}],"author":[{"embeddable":true,"href":"https:\/\/puertoacapulco.com.mx\/index.php\/wp-json\/wp\/v2\/users\/4"}],"replies":[{"embeddable":true,"href":"https:\/\/puertoacapulco.com.mx\/index.php\/wp-json\/wp\/v2\/comments?post=2390"}],"version-history":[{"count":4,"href":"https:\/\/puertoacapulco.com.mx\/index.php\/wp-json\/wp\/v2\/posts\/2390\/revisions"}],"predecessor-version":[{"id":2400,"href":"https:\/\/puertoacapulco.com.mx\/index.php\/wp-json\/wp\/v2\/posts\/2390\/revisions\/2400"}],"wp:featuredmedia":[{"embeddable":true,"href":"https:\/\/puertoacapulco.com.mx\/index.php\/wp-json\/wp\/v2\/media\/2394"}],"wp:attachment":[{"href":"https:\/\/puertoacapulco.com.mx\/index.php\/wp-json\/wp\/v2\/media?parent=2390"}],"wp:term":[{"taxonomy":"category","embeddable":true,"href":"https:\/\/puertoacapulco.com.mx\/index.php\/wp-json\/wp\/v2\/categories?post=2390"},{"taxonomy":"post_tag","embeddable":true,"href":"https:\/\/puertoacapulco.com.mx\/index.php\/wp-json\/wp\/v2\/tags?post=2390"}],"curies":[{"name":"wp","href":"https:\/\/api.w.org\/{rel}","templated":true}]}}