{"id":1979,"date":"2025-01-15T22:31:58","date_gmt":"2025-01-16T04:31:58","guid":{"rendered":"https:\/\/puertoacapulco.com.mx\/?p=1979"},"modified":"2025-01-16T08:35:48","modified_gmt":"2025-01-16T14:35:48","slug":"develacion-del-mural-guerrero-nautico","status":"publish","type":"post","link":"https:\/\/puertoacapulco.com.mx\/index.php\/2025\/01\/15\/develacion-del-mural-guerrero-nautico\/","title":{"rendered":"DEVELACI\u00d3N DEL MURAL \u201cGUERRERO N\u00c1UTICO\u201d"},"content":{"rendered":"\n<p style=\"text-align: justify; text-transform: none;\"><b>Acapulco de Ju\u00e1rez, Gro, a 15 de enero 2025. <\/b>En las instalaciones de la Administraci\u00f3n del Sistema Portuario Nacional Acapulco (ASIPONA), se llev\u00f3 a cabo la ceremonia de develaci\u00f3n del mural <b> \u201cGuerrero N\u00e1utico\u201d <\/b>, una obra que rinde homenaje a la riqueza cultural y mar\u00edtima del Estado de Guerrero, creada por el artista Rub\u00e9n Mart\u00ednez Gonz\u00e1lez, conocido como Drack 371\u2019s.<\/b><\/p>\n\n\n\n<figure class=\"wp-block-image size-large\"><img loading=\"lazy\" decoding=\"async\" width=\"1024\" height=\"768\" src=\"https:\/\/puertoacapulco.com.mx\/wp-content\/uploads\/2025\/01\/Foto-1-2-1024x768.jpg\" alt=\"\" class=\"wp-image-1996\" srcset=\"https:\/\/puertoacapulco.com.mx\/wp-content\/uploads\/2025\/01\/Foto-1-2-1024x768.jpg 1024w, https:\/\/puertoacapulco.com.mx\/wp-content\/uploads\/2025\/01\/Foto-1-2-300x225.jpg 300w, https:\/\/puertoacapulco.com.mx\/wp-content\/uploads\/2025\/01\/Foto-1-2-768x576.jpg 768w, https:\/\/puertoacapulco.com.mx\/wp-content\/uploads\/2025\/01\/Foto-1-2-1536x1152.jpg 1536w, https:\/\/puertoacapulco.com.mx\/wp-content\/uploads\/2025\/01\/Foto-1-2-2048x1536.jpg 2048w\" sizes=\"auto, (max-width: 1024px) 100vw, 1024px\" \/><\/figure>\n\n\n\n<p style=\"text-align: justify; text-transform: none;\"> El evento cont\u00f3 con la presencia de autoridades civiles y militares, destacando la presencia del Vicealmirante Ramiro Lobato Camacho, Comandante de la Octava Regi\u00f3n Naval y el destacado artista Guerrerense, Rub\u00e9n Mart\u00ednez Gonz\u00e1lez. <\/p>\n\n\n\n<figure class=\"wp-block-image size-large\"><img loading=\"lazy\" decoding=\"async\" width=\"1024\" height=\"768\" src=\"https:\/\/puertoacapulco.com.mx\/wp-content\/uploads\/2025\/01\/Foto-2-1-1024x768.jpg\" alt=\"\" class=\"wp-image-1997\" srcset=\"https:\/\/puertoacapulco.com.mx\/wp-content\/uploads\/2025\/01\/Foto-2-1-1024x768.jpg 1024w, https:\/\/puertoacapulco.com.mx\/wp-content\/uploads\/2025\/01\/Foto-2-1-300x225.jpg 300w, https:\/\/puertoacapulco.com.mx\/wp-content\/uploads\/2025\/01\/Foto-2-1-768x576.jpg 768w, https:\/\/puertoacapulco.com.mx\/wp-content\/uploads\/2025\/01\/Foto-2-1-1536x1152.jpg 1536w, https:\/\/puertoacapulco.com.mx\/wp-content\/uploads\/2025\/01\/Foto-2-1-2048x1536.jpg 2048w\" sizes=\"auto, (max-width: 1024px) 100vw, 1024px\" \/><\/figure>\n\n\n\n<p style=\"text-align: justify; text-transform: none;\">As\u00ed mismo integraron la mesa del pres\u00eddium, el Mtro. Emilio V\u00e1zquez, Gerente Comercial de ASIPONA Acapulco; el Mtro. Juan Carlos Esparza Director de Programas Prioritarias de la Secretar\u00eda de Bienestar del Gobierno del Estado; la Lic. Celia Ram\u00edrez Mart\u00ednez, Delegada Administrativa de la Secretar\u00eda de Cultura del Estado de Guerrero; el Ing. Oscar L\u00f3pez Salmer\u00f3n, Titular de la Aduana Acapulco el Cap. de Alt. Jos\u00e9 Florentino Gallardo, Capit\u00e1n de Puerto Acapulco y el Cap de Navio Yako Mauricio L\u00f3pez, Comandante de la UNAPROP Acapulco.. <\/p>\n\n\n\n<figure class=\"wp-block-image size-large\"><img loading=\"lazy\" decoding=\"async\" width=\"1024\" height=\"768\" src=\"https:\/\/puertoacapulco.com.mx\/wp-content\/uploads\/2025\/01\/Foto-4-1-1024x768.jpg\" alt=\"\" class=\"wp-image-1998\" srcset=\"https:\/\/puertoacapulco.com.mx\/wp-content\/uploads\/2025\/01\/Foto-4-1-1024x768.jpg 1024w, https:\/\/puertoacapulco.com.mx\/wp-content\/uploads\/2025\/01\/Foto-4-1-300x225.jpg 300w, https:\/\/puertoacapulco.com.mx\/wp-content\/uploads\/2025\/01\/Foto-4-1-768x576.jpg 768w, https:\/\/puertoacapulco.com.mx\/wp-content\/uploads\/2025\/01\/Foto-4-1-1536x1152.jpg 1536w, https:\/\/puertoacapulco.com.mx\/wp-content\/uploads\/2025\/01\/Foto-4-1-2048x1536.jpg 2048w\" sizes=\"auto, (max-width: 1024px) 100vw, 1024px\" \/><\/figure>\n\n\n\n<p style=\"text-align: justify; text-transform: none;\">Este mural representa un esfuerzo conjunto entre la ASIPONA Acapulco y las Secretar\u00edas de Bienestar y  Cultura del Gobierno Estado de Guerrero, derivado del convenio de colaboraci\u00f3n para el impulso del Corredor Tur\u00edstico Cultural y Comercial del Recinto Portuario de Acapulco, firmado el pasado <b>  6 de noviembre.<\/b> <\/p>\n\n\n\n<figure class=\"wp-block-image size-large\"><img loading=\"lazy\" decoding=\"async\" width=\"1024\" height=\"768\" src=\"https:\/\/puertoacapulco.com.mx\/wp-content\/uploads\/2025\/01\/Foto-5-1-1024x768.jpg\" alt=\"\" class=\"wp-image-1999\" srcset=\"https:\/\/puertoacapulco.com.mx\/wp-content\/uploads\/2025\/01\/Foto-5-1-1024x768.jpg 1024w, https:\/\/puertoacapulco.com.mx\/wp-content\/uploads\/2025\/01\/Foto-5-1-300x225.jpg 300w, https:\/\/puertoacapulco.com.mx\/wp-content\/uploads\/2025\/01\/Foto-5-1-768x576.jpg 768w, https:\/\/puertoacapulco.com.mx\/wp-content\/uploads\/2025\/01\/Foto-5-1-1536x1152.jpg 1536w, https:\/\/puertoacapulco.com.mx\/wp-content\/uploads\/2025\/01\/Foto-5-1-2048x1536.jpg 2048w\" sizes=\"auto, (max-width: 1024px) 100vw, 1024px\" \/><\/figure>\n\n\n\n<p style=\"text-align: justify; text-transform: none;\">El Vicealmirante Ramiro Lobato Camacho entreg\u00f3 una metopa como reconocimiento al artista Rub\u00e9n Mart\u00ednez, expresando: &#8216;Extendemos nuestro reconocimiento y agradecimiento por su invaluable contribuci\u00f3n art\u00edstica, al embellecer el Corredor Tur\u00edstico-Comercial del Recinto Portuario&#8217; <\/p>\n\n\n\n<figure class=\"wp-block-image size-large\"><img loading=\"lazy\" decoding=\"async\" width=\"1024\" height=\"768\" src=\"https:\/\/puertoacapulco.com.mx\/wp-content\/uploads\/2025\/01\/Foto-6-1-1024x768.jpg\" alt=\"\" class=\"wp-image-2000\" srcset=\"https:\/\/puertoacapulco.com.mx\/wp-content\/uploads\/2025\/01\/Foto-6-1-1024x768.jpg 1024w, https:\/\/puertoacapulco.com.mx\/wp-content\/uploads\/2025\/01\/Foto-6-1-300x225.jpg 300w, https:\/\/puertoacapulco.com.mx\/wp-content\/uploads\/2025\/01\/Foto-6-1-768x576.jpg 768w, https:\/\/puertoacapulco.com.mx\/wp-content\/uploads\/2025\/01\/Foto-6-1-1536x1152.jpg 1536w, https:\/\/puertoacapulco.com.mx\/wp-content\/uploads\/2025\/01\/Foto-6-1-2048x1536.jpg 2048w\" sizes=\"auto, (max-width: 1024px) 100vw, 1024px\" \/><\/figure>\n\n\n\n<figure class=\"wp-block-image size-large\"><img loading=\"lazy\" decoding=\"async\" width=\"768\" height=\"1024\" src=\"https:\/\/puertoacapulco.com.mx\/wp-content\/uploads\/2025\/01\/Foto-7-1-768x1024.jpg\" alt=\"\" class=\"wp-image-2001\" srcset=\"https:\/\/puertoacapulco.com.mx\/wp-content\/uploads\/2025\/01\/Foto-7-1-768x1024.jpg 768w, https:\/\/puertoacapulco.com.mx\/wp-content\/uploads\/2025\/01\/Foto-7-1-225x300.jpg 225w, https:\/\/puertoacapulco.com.mx\/wp-content\/uploads\/2025\/01\/Foto-7-1-1152x1536.jpg 1152w, https:\/\/puertoacapulco.com.mx\/wp-content\/uploads\/2025\/01\/Foto-7-1-1536x2048.jpg 1536w, https:\/\/puertoacapulco.com.mx\/wp-content\/uploads\/2025\/01\/Foto-7-1-scaled.jpg 1920w\" sizes=\"auto, (max-width: 768px) 100vw, 768px\" \/><\/figure>\n\n\n\n<p style=\"text-align: justify; text-transform: none;\"><b>Un mural que une historia, tradici\u00f3n y visi\u00f3n mar\u00edtima.<\/b><br>\nEl mural <b> \u201cGuerrero N\u00e1utico\u201d <\/b> destaca por integrar elementos que reflejan la identidad del estado y su estrecha relaci\u00f3n con el mar. Entre las representaciones m\u00e1s emblem\u00e1ticas se encuentran: <br>\n<ul>\n<li><p style=\"text-align: justify; text-transform: none;\"><b>El Fuerte de San Diego<\/b>, Testigo fiel testigo de la historia mar\u00edtima del Puerto Acapulco.<\/p><\/li>\n<li><p style=\"text-align: justify; text-transform: none;\"><b>El General Vicente Guerrero<\/b>, figura clave en la lucha por la independencia de M\u00e9xico.<\/p><\/li>\n<li><p style=\"text-align: justify; text-transform: none;\"><b>El Buque Escuela Cuauht\u00e9moc<\/b>, Orgullo de la Armada y embajador de M\u00e9xico ante el mundo.<\/p> <\/li>\n<li><p style=\"text-align: justify; text-transform: none;\">Tradiciones locales como garigoleados en papel mache, el majestuoso Jaguar Mexicano y los Tlacololeros, \u00edcono cultural homenajeado con la presentaci\u00f3n art\u00edstica del grupo <b>  Tlacololeras Guadalupanas de Tierra Colorada <\/b>, dirigido por la Mtra. Sugey Ignacio Dorantes.<\/p><\/li>\n\n<\/ul>\n:<\/p>\n\n\n\n<figure class=\"wp-block-image size-large\"><img loading=\"lazy\" decoding=\"async\" width=\"1024\" height=\"768\" src=\"https:\/\/puertoacapulco.com.mx\/wp-content\/uploads\/2025\/01\/Foto-8-1-1024x768.jpg\" alt=\"\" class=\"wp-image-2002\" srcset=\"https:\/\/puertoacapulco.com.mx\/wp-content\/uploads\/2025\/01\/Foto-8-1-1024x768.jpg 1024w, https:\/\/puertoacapulco.com.mx\/wp-content\/uploads\/2025\/01\/Foto-8-1-300x225.jpg 300w, https:\/\/puertoacapulco.com.mx\/wp-content\/uploads\/2025\/01\/Foto-8-1-768x576.jpg 768w, https:\/\/puertoacapulco.com.mx\/wp-content\/uploads\/2025\/01\/Foto-8-1-1536x1152.jpg 1536w, https:\/\/puertoacapulco.com.mx\/wp-content\/uploads\/2025\/01\/Foto-8-1-2048x1536.jpg 2048w\" sizes=\"auto, (max-width: 1024px) 100vw, 1024px\" \/><\/figure>\n\n\n\n<p style=\"text-align: justify; text-transform: none;\">El Gerente de Comercializaci\u00f3n de esta ASIPONA a nombre del Director General,  Vicealmirante Raymundo S\u00e1nchez L\u00f3pez, destac\u00f3 que esta iniciativa refuerza el v\u00ednculo entre el puerto y la comunidad, fomentando el turismo y la cultura mar\u00edtima.<\/p>\n\n\n\n<figure class=\"wp-block-image size-large\"><img loading=\"lazy\" decoding=\"async\" width=\"768\" height=\"1024\" src=\"https:\/\/puertoacapulco.com.mx\/wp-content\/uploads\/2025\/01\/Foto-9-768x1024.jpg\" alt=\"\" class=\"wp-image-2003\" srcset=\"https:\/\/puertoacapulco.com.mx\/wp-content\/uploads\/2025\/01\/Foto-9-768x1024.jpg 768w, https:\/\/puertoacapulco.com.mx\/wp-content\/uploads\/2025\/01\/Foto-9-225x300.jpg 225w, https:\/\/puertoacapulco.com.mx\/wp-content\/uploads\/2025\/01\/Foto-9-1152x1536.jpg 1152w, https:\/\/puertoacapulco.com.mx\/wp-content\/uploads\/2025\/01\/Foto-9-1536x2048.jpg 1536w, https:\/\/puertoacapulco.com.mx\/wp-content\/uploads\/2025\/01\/Foto-9-scaled.jpg 1920w\" sizes=\"auto, (max-width: 768px) 100vw, 768px\" \/><\/figure>\n\n\n\n<p style=\"text-align: justify; text-transform: none;\">La ceremonia concluy\u00f3 con el corte del list\u00f3n y la invitaci\u00f3n abierta a la sociedad acapulque\u00f1a para visitar el corredor Tur\u00edstico Comercial del recinto portuario.<\/p>\n\n\n\n<figure class=\"wp-block-image size-large\"><img loading=\"lazy\" decoding=\"async\" width=\"1024\" height=\"768\" src=\"https:\/\/puertoacapulco.com.mx\/wp-content\/uploads\/2025\/01\/Foto-10-1024x768.jpg\" alt=\"\" class=\"wp-image-2005\" srcset=\"https:\/\/puertoacapulco.com.mx\/wp-content\/uploads\/2025\/01\/Foto-10-1024x768.jpg 1024w, https:\/\/puertoacapulco.com.mx\/wp-content\/uploads\/2025\/01\/Foto-10-300x225.jpg 300w, https:\/\/puertoacapulco.com.mx\/wp-content\/uploads\/2025\/01\/Foto-10-768x576.jpg 768w, https:\/\/puertoacapulco.com.mx\/wp-content\/uploads\/2025\/01\/Foto-10-1536x1152.jpg 1536w, https:\/\/puertoacapulco.com.mx\/wp-content\/uploads\/2025\/01\/Foto-10-2048x1536.jpg 2048w\" sizes=\"auto, (max-width: 1024px) 100vw, 1024px\" \/><\/figure>\n","protected":false},"excerpt":{"rendered":"<p>Acapulco de Ju\u00e1rez, Gro, a 15 de enero 2025. En las instalaciones de la Administraci\u00f3n del Sistema Portuario Nacional Acapulco<\/p>\n","protected":false},"author":1,"featured_media":1989,"comment_status":"closed","ping_status":"closed","sticky":false,"template":"","format":"standard","meta":{"colormag_page_container_layout":"default_layout","colormag_page_sidebar_layout":"default_layout","footnotes":""},"categories":[1],"tags":[],"class_list":["post-1979","post","type-post","status-publish","format-standard","has-post-thumbnail","hentry","category-blog"],"aioseo_notices":[],"aioseo_head":"\n\t\t<!-- All in One SEO 4.9.10 - aioseo.com -->\n\t<meta name=\"description\" content=\"Acapulco de Ju\u00e1rez, Gro, a 15 de enero 2025. En las instalaciones de la Administraci\u00f3n del Sistema Portuario Nacional Acapulco (ASIPONA), se llev\u00f3 a cabo la ceremonia de develaci\u00f3n del mural \u201cGuerrero N\u00e1utico\u201d , una obra que rinde homenaje a la riqueza cultural y mar\u00edtima del Estado de Guerrero, creada por el artista Rub\u00e9n Mart\u00ednez\" \/>\n\t<meta name=\"robots\" content=\"max-image-preview:large\" \/>\n\t<meta name=\"author\" content=\"root\"\/>\n\t<link rel=\"canonical\" href=\"https:\/\/puertoacapulco.com.mx\/index.php\/2025\/01\/15\/develacion-del-mural-guerrero-nautico\/\" \/>\n\t<meta name=\"generator\" content=\"All in One SEO (AIOSEO) 4.9.10\" \/>\n\t\t<meta property=\"og:locale\" content=\"es_ES\" \/>\n\t\t<meta property=\"og:site_name\" content=\"ASIPONA ACAPULCO - Administraci\u00f3n del Sistema Portuario Nacional Acapulco, S.A. de C.V.\" \/>\n\t\t<meta property=\"og:type\" content=\"article\" \/>\n\t\t<meta property=\"og:title\" content=\"DEVELACI\u00d3N DEL MURAL \u201cGUERRERO N\u00c1UTICO\u201d - ASIPONA ACAPULCO\" \/>\n\t\t<meta property=\"og:description\" content=\"Acapulco de Ju\u00e1rez, Gro, a 15 de enero 2025. En las instalaciones de la Administraci\u00f3n del Sistema Portuario Nacional Acapulco (ASIPONA), se llev\u00f3 a cabo la ceremonia de develaci\u00f3n del mural \u201cGuerrero N\u00e1utico\u201d , una obra que rinde homenaje a la riqueza cultural y mar\u00edtima del Estado de Guerrero, creada por el artista Rub\u00e9n Mart\u00ednez\" \/>\n\t\t<meta property=\"og:url\" content=\"https:\/\/puertoacapulco.com.mx\/index.php\/2025\/01\/15\/develacion-del-mural-guerrero-nautico\/\" \/>\n\t\t<meta property=\"og:image\" content=\"https:\/\/puertoacapulco.com.mx\/wp-content\/uploads\/2023\/09\/cropped-cropped-Captura-de-pantalla-2023-09-04-105114.png\" \/>\n\t\t<meta property=\"og:image:secure_url\" content=\"https:\/\/puertoacapulco.com.mx\/wp-content\/uploads\/2023\/09\/cropped-cropped-Captura-de-pantalla-2023-09-04-105114.png\" \/>\n\t\t<meta property=\"og:image:width\" content=\"151\" \/>\n\t\t<meta property=\"og:image:height\" content=\"55\" \/>\n\t\t<meta property=\"article:published_time\" content=\"2025-01-16T04:31:58+00:00\" \/>\n\t\t<meta property=\"article:modified_time\" content=\"2025-01-16T14:35:48+00:00\" \/>\n\t\t<meta name=\"twitter:card\" content=\"summary_large_image\" \/>\n\t\t<meta name=\"twitter:title\" content=\"DEVELACI\u00d3N DEL MURAL \u201cGUERRERO N\u00c1UTICO\u201d - ASIPONA ACAPULCO\" \/>\n\t\t<meta name=\"twitter:description\" content=\"Acapulco de Ju\u00e1rez, Gro, a 15 de enero 2025. En las instalaciones de la Administraci\u00f3n del Sistema Portuario Nacional Acapulco (ASIPONA), se llev\u00f3 a cabo la ceremonia de develaci\u00f3n del mural \u201cGuerrero N\u00e1utico\u201d , una obra que rinde homenaje a la riqueza cultural y mar\u00edtima del Estado de Guerrero, creada por el artista Rub\u00e9n Mart\u00ednez\" \/>\n\t\t<meta name=\"twitter:image\" content=\"https:\/\/puertoacapulco.com.mx\/wp-content\/uploads\/2023\/09\/cropped-cropped-Captura-de-pantalla-2023-09-04-105114.png\" \/>\n\t\t<script type=\"application\/ld+json\" class=\"aioseo-schema\">\n\t\t\t{\"@context\":\"https:\\\/\\\/schema.org\",\"@graph\":[{\"@type\":\"BlogPosting\",\"@id\":\"https:\\\/\\\/puertoacapulco.com.mx\\\/index.php\\\/2025\\\/01\\\/15\\\/develacion-del-mural-guerrero-nautico\\\/#blogposting\",\"name\":\"DEVELACI\\u00d3N DEL MURAL \\u201cGUERRERO N\\u00c1UTICO\\u201d - ASIPONA ACAPULCO\",\"headline\":\"DEVELACI\\u00d3N DEL MURAL \\u201cGUERRERO N\\u00c1UTICO\\u201d\",\"author\":{\"@id\":\"https:\\\/\\\/puertoacapulco.com.mx\\\/index.php\\\/author\\\/root\\\/#author\"},\"publisher\":{\"@id\":\"https:\\\/\\\/puertoacapulco.com.mx\\\/#organization\"},\"image\":{\"@type\":\"ImageObject\",\"url\":\"https:\\\/\\\/puertoacapulco.com.mx\\\/wp-content\\\/uploads\\\/2025\\\/01\\\/473569509_603358199107839_1075908492136255840_n.jpg\",\"width\":2048,\"height\":1717},\"datePublished\":\"2025-01-15T22:31:58-06:00\",\"dateModified\":\"2025-01-16T08:35:48-06:00\",\"inLanguage\":\"es-ES\",\"mainEntityOfPage\":{\"@id\":\"https:\\\/\\\/puertoacapulco.com.mx\\\/index.php\\\/2025\\\/01\\\/15\\\/develacion-del-mural-guerrero-nautico\\\/#webpage\"},\"isPartOf\":{\"@id\":\"https:\\\/\\\/puertoacapulco.com.mx\\\/index.php\\\/2025\\\/01\\\/15\\\/develacion-del-mural-guerrero-nautico\\\/#webpage\"},\"articleSection\":\"Blog\"},{\"@type\":\"BreadcrumbList\",\"@id\":\"https:\\\/\\\/puertoacapulco.com.mx\\\/index.php\\\/2025\\\/01\\\/15\\\/develacion-del-mural-guerrero-nautico\\\/#breadcrumblist\",\"itemListElement\":[{\"@type\":\"ListItem\",\"@id\":\"https:\\\/\\\/puertoacapulco.com.mx#listItem\",\"position\":1,\"name\":\"Home\",\"item\":\"https:\\\/\\\/puertoacapulco.com.mx\",\"nextItem\":{\"@type\":\"ListItem\",\"@id\":\"https:\\\/\\\/puertoacapulco.com.mx\\\/index.php\\\/category\\\/blog\\\/#listItem\",\"name\":\"Blog\"}},{\"@type\":\"ListItem\",\"@id\":\"https:\\\/\\\/puertoacapulco.com.mx\\\/index.php\\\/category\\\/blog\\\/#listItem\",\"position\":2,\"name\":\"Blog\",\"item\":\"https:\\\/\\\/puertoacapulco.com.mx\\\/index.php\\\/category\\\/blog\\\/\",\"nextItem\":{\"@type\":\"ListItem\",\"@id\":\"https:\\\/\\\/puertoacapulco.com.mx\\\/index.php\\\/2025\\\/01\\\/15\\\/develacion-del-mural-guerrero-nautico\\\/#listItem\",\"name\":\"DEVELACI\\u00d3N DEL MURAL \\u201cGUERRERO N\\u00c1UTICO\\u201d\"},\"previousItem\":{\"@type\":\"ListItem\",\"@id\":\"https:\\\/\\\/puertoacapulco.com.mx#listItem\",\"name\":\"Home\"}},{\"@type\":\"ListItem\",\"@id\":\"https:\\\/\\\/puertoacapulco.com.mx\\\/index.php\\\/2025\\\/01\\\/15\\\/develacion-del-mural-guerrero-nautico\\\/#listItem\",\"position\":3,\"name\":\"DEVELACI\\u00d3N DEL MURAL \\u201cGUERRERO N\\u00c1UTICO\\u201d\",\"previousItem\":{\"@type\":\"ListItem\",\"@id\":\"https:\\\/\\\/puertoacapulco.com.mx\\\/index.php\\\/category\\\/blog\\\/#listItem\",\"name\":\"Blog\"}}]},{\"@type\":\"Organization\",\"@id\":\"https:\\\/\\\/puertoacapulco.com.mx\\\/#organization\",\"name\":\"ASIPONA ACAPULCO\",\"description\":\"Administraci\\u00f3n del Sistema Portuario Nacional Acapulco, S.A. de C.V.\",\"url\":\"https:\\\/\\\/puertoacapulco.com.mx\\\/\"},{\"@type\":\"Person\",\"@id\":\"https:\\\/\\\/puertoacapulco.com.mx\\\/index.php\\\/author\\\/root\\\/#author\",\"url\":\"https:\\\/\\\/puertoacapulco.com.mx\\\/index.php\\\/author\\\/root\\\/\",\"name\":\"root\",\"image\":{\"@type\":\"ImageObject\",\"@id\":\"https:\\\/\\\/puertoacapulco.com.mx\\\/index.php\\\/2025\\\/01\\\/15\\\/develacion-del-mural-guerrero-nautico\\\/#authorImage\",\"url\":\"https:\\\/\\\/secure.gravatar.com\\\/avatar\\\/738bba1cd741ab8441cefc84b318de3f38243d4968f99d4f08f6c223ad239689?s=96&d=mm&r=g\",\"width\":96,\"height\":96,\"caption\":\"root\"}},{\"@type\":\"WebPage\",\"@id\":\"https:\\\/\\\/puertoacapulco.com.mx\\\/index.php\\\/2025\\\/01\\\/15\\\/develacion-del-mural-guerrero-nautico\\\/#webpage\",\"url\":\"https:\\\/\\\/puertoacapulco.com.mx\\\/index.php\\\/2025\\\/01\\\/15\\\/develacion-del-mural-guerrero-nautico\\\/\",\"name\":\"DEVELACI\\u00d3N DEL MURAL \\u201cGUERRERO N\\u00c1UTICO\\u201d - ASIPONA ACAPULCO\",\"description\":\"Acapulco de Ju\\u00e1rez, Gro, a 15 de enero 2025. En las instalaciones de la Administraci\\u00f3n del Sistema Portuario Nacional Acapulco (ASIPONA), se llev\\u00f3 a cabo la ceremonia de develaci\\u00f3n del mural \\u201cGuerrero N\\u00e1utico\\u201d , una obra que rinde homenaje a la riqueza cultural y mar\\u00edtima del Estado de Guerrero, creada por el artista Rub\\u00e9n Mart\\u00ednez\",\"inLanguage\":\"es-ES\",\"isPartOf\":{\"@id\":\"https:\\\/\\\/puertoacapulco.com.mx\\\/#website\"},\"breadcrumb\":{\"@id\":\"https:\\\/\\\/puertoacapulco.com.mx\\\/index.php\\\/2025\\\/01\\\/15\\\/develacion-del-mural-guerrero-nautico\\\/#breadcrumblist\"},\"author\":{\"@id\":\"https:\\\/\\\/puertoacapulco.com.mx\\\/index.php\\\/author\\\/root\\\/#author\"},\"creator\":{\"@id\":\"https:\\\/\\\/puertoacapulco.com.mx\\\/index.php\\\/author\\\/root\\\/#author\"},\"image\":{\"@type\":\"ImageObject\",\"url\":\"https:\\\/\\\/puertoacapulco.com.mx\\\/wp-content\\\/uploads\\\/2025\\\/01\\\/473569509_603358199107839_1075908492136255840_n.jpg\",\"@id\":\"https:\\\/\\\/puertoacapulco.com.mx\\\/index.php\\\/2025\\\/01\\\/15\\\/develacion-del-mural-guerrero-nautico\\\/#mainImage\",\"width\":2048,\"height\":1717},\"primaryImageOfPage\":{\"@id\":\"https:\\\/\\\/puertoacapulco.com.mx\\\/index.php\\\/2025\\\/01\\\/15\\\/develacion-del-mural-guerrero-nautico\\\/#mainImage\"},\"datePublished\":\"2025-01-15T22:31:58-06:00\",\"dateModified\":\"2025-01-16T08:35:48-06:00\"},{\"@type\":\"WebSite\",\"@id\":\"https:\\\/\\\/puertoacapulco.com.mx\\\/#website\",\"url\":\"https:\\\/\\\/puertoacapulco.com.mx\\\/\",\"name\":\"ASIPONA ACAPULCO\",\"description\":\"Administraci\\u00f3n del Sistema Portuario Nacional Acapulco, S.A. de C.V.\",\"inLanguage\":\"es-ES\",\"publisher\":{\"@id\":\"https:\\\/\\\/puertoacapulco.com.mx\\\/#organization\"}}]}\n\t\t<\/script>\n\t\t<!-- All in One SEO -->\n\n","aioseo_head_json":{"title":"DEVELACI\u00d3N DEL MURAL \u201cGUERRERO N\u00c1UTICO\u201d - ASIPONA ACAPULCO","description":"Acapulco de Ju\u00e1rez, Gro, a 15 de enero 2025. En las instalaciones de la Administraci\u00f3n del Sistema Portuario Nacional Acapulco (ASIPONA), se llev\u00f3 a cabo la ceremonia de develaci\u00f3n del mural \u201cGuerrero N\u00e1utico\u201d , una obra que rinde homenaje a la riqueza cultural y mar\u00edtima del Estado de Guerrero, creada por el artista Rub\u00e9n Mart\u00ednez","canonical_url":"https:\/\/puertoacapulco.com.mx\/index.php\/2025\/01\/15\/develacion-del-mural-guerrero-nautico\/","robots":"max-image-preview:large","keywords":"","webmasterTools":{"miscellaneous":""},"schema":{"@context":"https:\/\/schema.org","@graph":[{"@type":"BlogPosting","@id":"https:\/\/puertoacapulco.com.mx\/index.php\/2025\/01\/15\/develacion-del-mural-guerrero-nautico\/#blogposting","name":"DEVELACI\u00d3N DEL MURAL \u201cGUERRERO N\u00c1UTICO\u201d - ASIPONA ACAPULCO","headline":"DEVELACI\u00d3N DEL MURAL \u201cGUERRERO N\u00c1UTICO\u201d","author":{"@id":"https:\/\/puertoacapulco.com.mx\/index.php\/author\/root\/#author"},"publisher":{"@id":"https:\/\/puertoacapulco.com.mx\/#organization"},"image":{"@type":"ImageObject","url":"https:\/\/puertoacapulco.com.mx\/wp-content\/uploads\/2025\/01\/473569509_603358199107839_1075908492136255840_n.jpg","width":2048,"height":1717},"datePublished":"2025-01-15T22:31:58-06:00","dateModified":"2025-01-16T08:35:48-06:00","inLanguage":"es-ES","mainEntityOfPage":{"@id":"https:\/\/puertoacapulco.com.mx\/index.php\/2025\/01\/15\/develacion-del-mural-guerrero-nautico\/#webpage"},"isPartOf":{"@id":"https:\/\/puertoacapulco.com.mx\/index.php\/2025\/01\/15\/develacion-del-mural-guerrero-nautico\/#webpage"},"articleSection":"Blog"},{"@type":"BreadcrumbList","@id":"https:\/\/puertoacapulco.com.mx\/index.php\/2025\/01\/15\/develacion-del-mural-guerrero-nautico\/#breadcrumblist","itemListElement":[{"@type":"ListItem","@id":"https:\/\/puertoacapulco.com.mx#listItem","position":1,"name":"Home","item":"https:\/\/puertoacapulco.com.mx","nextItem":{"@type":"ListItem","@id":"https:\/\/puertoacapulco.com.mx\/index.php\/category\/blog\/#listItem","name":"Blog"}},{"@type":"ListItem","@id":"https:\/\/puertoacapulco.com.mx\/index.php\/category\/blog\/#listItem","position":2,"name":"Blog","item":"https:\/\/puertoacapulco.com.mx\/index.php\/category\/blog\/","nextItem":{"@type":"ListItem","@id":"https:\/\/puertoacapulco.com.mx\/index.php\/2025\/01\/15\/develacion-del-mural-guerrero-nautico\/#listItem","name":"DEVELACI\u00d3N DEL MURAL \u201cGUERRERO N\u00c1UTICO\u201d"},"previousItem":{"@type":"ListItem","@id":"https:\/\/puertoacapulco.com.mx#listItem","name":"Home"}},{"@type":"ListItem","@id":"https:\/\/puertoacapulco.com.mx\/index.php\/2025\/01\/15\/develacion-del-mural-guerrero-nautico\/#listItem","position":3,"name":"DEVELACI\u00d3N DEL MURAL \u201cGUERRERO N\u00c1UTICO\u201d","previousItem":{"@type":"ListItem","@id":"https:\/\/puertoacapulco.com.mx\/index.php\/category\/blog\/#listItem","name":"Blog"}}]},{"@type":"Organization","@id":"https:\/\/puertoacapulco.com.mx\/#organization","name":"ASIPONA ACAPULCO","description":"Administraci\u00f3n del Sistema Portuario Nacional Acapulco, S.A. de C.V.","url":"https:\/\/puertoacapulco.com.mx\/"},{"@type":"Person","@id":"https:\/\/puertoacapulco.com.mx\/index.php\/author\/root\/#author","url":"https:\/\/puertoacapulco.com.mx\/index.php\/author\/root\/","name":"root","image":{"@type":"ImageObject","@id":"https:\/\/puertoacapulco.com.mx\/index.php\/2025\/01\/15\/develacion-del-mural-guerrero-nautico\/#authorImage","url":"https:\/\/secure.gravatar.com\/avatar\/738bba1cd741ab8441cefc84b318de3f38243d4968f99d4f08f6c223ad239689?s=96&d=mm&r=g","width":96,"height":96,"caption":"root"}},{"@type":"WebPage","@id":"https:\/\/puertoacapulco.com.mx\/index.php\/2025\/01\/15\/develacion-del-mural-guerrero-nautico\/#webpage","url":"https:\/\/puertoacapulco.com.mx\/index.php\/2025\/01\/15\/develacion-del-mural-guerrero-nautico\/","name":"DEVELACI\u00d3N DEL MURAL \u201cGUERRERO N\u00c1UTICO\u201d - ASIPONA ACAPULCO","description":"Acapulco de Ju\u00e1rez, Gro, a 15 de enero 2025. En las instalaciones de la Administraci\u00f3n del Sistema Portuario Nacional Acapulco (ASIPONA), se llev\u00f3 a cabo la ceremonia de develaci\u00f3n del mural \u201cGuerrero N\u00e1utico\u201d , una obra que rinde homenaje a la riqueza cultural y mar\u00edtima del Estado de Guerrero, creada por el artista Rub\u00e9n Mart\u00ednez","inLanguage":"es-ES","isPartOf":{"@id":"https:\/\/puertoacapulco.com.mx\/#website"},"breadcrumb":{"@id":"https:\/\/puertoacapulco.com.mx\/index.php\/2025\/01\/15\/develacion-del-mural-guerrero-nautico\/#breadcrumblist"},"author":{"@id":"https:\/\/puertoacapulco.com.mx\/index.php\/author\/root\/#author"},"creator":{"@id":"https:\/\/puertoacapulco.com.mx\/index.php\/author\/root\/#author"},"image":{"@type":"ImageObject","url":"https:\/\/puertoacapulco.com.mx\/wp-content\/uploads\/2025\/01\/473569509_603358199107839_1075908492136255840_n.jpg","@id":"https:\/\/puertoacapulco.com.mx\/index.php\/2025\/01\/15\/develacion-del-mural-guerrero-nautico\/#mainImage","width":2048,"height":1717},"primaryImageOfPage":{"@id":"https:\/\/puertoacapulco.com.mx\/index.php\/2025\/01\/15\/develacion-del-mural-guerrero-nautico\/#mainImage"},"datePublished":"2025-01-15T22:31:58-06:00","dateModified":"2025-01-16T08:35:48-06:00"},{"@type":"WebSite","@id":"https:\/\/puertoacapulco.com.mx\/#website","url":"https:\/\/puertoacapulco.com.mx\/","name":"ASIPONA ACAPULCO","description":"Administraci\u00f3n del Sistema Portuario Nacional Acapulco, S.A. de C.V.","inLanguage":"es-ES","publisher":{"@id":"https:\/\/puertoacapulco.com.mx\/#organization"}}]},"og:locale":"es_ES","og:site_name":"ASIPONA ACAPULCO - Administraci\u00f3n del Sistema Portuario Nacional Acapulco, S.A. de C.V.","og:type":"article","og:title":"DEVELACI\u00d3N DEL MURAL \u201cGUERRERO N\u00c1UTICO\u201d - ASIPONA ACAPULCO","og:description":"Acapulco de Ju\u00e1rez, Gro, a 15 de enero 2025. En las instalaciones de la Administraci\u00f3n del Sistema Portuario Nacional Acapulco (ASIPONA), se llev\u00f3 a cabo la ceremonia de develaci\u00f3n del mural \u201cGuerrero N\u00e1utico\u201d , una obra que rinde homenaje a la riqueza cultural y mar\u00edtima del Estado de Guerrero, creada por el artista Rub\u00e9n Mart\u00ednez","og:url":"https:\/\/puertoacapulco.com.mx\/index.php\/2025\/01\/15\/develacion-del-mural-guerrero-nautico\/","og:image":"https:\/\/puertoacapulco.com.mx\/wp-content\/uploads\/2023\/09\/cropped-cropped-Captura-de-pantalla-2023-09-04-105114.png","og:image:secure_url":"https:\/\/puertoacapulco.com.mx\/wp-content\/uploads\/2023\/09\/cropped-cropped-Captura-de-pantalla-2023-09-04-105114.png","og:image:width":151,"og:image:height":55,"article:published_time":"2025-01-16T04:31:58+00:00","article:modified_time":"2025-01-16T14:35:48+00:00","twitter:card":"summary_large_image","twitter:title":"DEVELACI\u00d3N DEL MURAL \u201cGUERRERO N\u00c1UTICO\u201d - ASIPONA ACAPULCO","twitter:description":"Acapulco de Ju\u00e1rez, Gro, a 15 de enero 2025. En las instalaciones de la Administraci\u00f3n del Sistema Portuario Nacional Acapulco (ASIPONA), se llev\u00f3 a cabo la ceremonia de develaci\u00f3n del mural \u201cGuerrero N\u00e1utico\u201d , una obra que rinde homenaje a la riqueza cultural y mar\u00edtima del Estado de Guerrero, creada por el artista Rub\u00e9n Mart\u00ednez","twitter:image":"https:\/\/puertoacapulco.com.mx\/wp-content\/uploads\/2023\/09\/cropped-cropped-Captura-de-pantalla-2023-09-04-105114.png"},"aioseo_meta_data":{"post_id":"1979","title":null,"description":null,"keywords":[],"keyphrases":{"focus":{"keyphrase":"","score":0,"analysis":{"keyphraseInTitle":{"score":0,"maxScore":9,"error":1}}},"additional":[]},"primary_term":null,"canonical_url":null,"og_title":null,"og_description":null,"og_object_type":"default","og_image_type":"default","og_image_url":null,"og_image_width":null,"og_image_height":null,"og_image_custom_url":null,"og_image_custom_fields":null,"og_video":"","og_custom_url":null,"og_article_section":null,"og_article_tags":[],"twitter_use_og":false,"twitter_card":"default","twitter_image_type":"default","twitter_image_url":null,"twitter_image_custom_url":null,"twitter_image_custom_fields":null,"twitter_title":null,"twitter_description":null,"schema":{"blockGraphs":[],"customGraphs":[],"default":{"data":{"Article":[],"Course":[],"Dataset":[],"FAQPage":[],"Movie":[],"Person":[],"Product":[],"ProductReview":[],"Car":[],"Recipe":[],"Service":[],"SoftwareApplication":[],"WebPage":[]},"graphName":"BlogPosting","isEnabled":true},"graphs":[]},"schema_type":"default","schema_type_options":null,"pillar_content":false,"robots_default":true,"robots_noindex":false,"robots_noarchive":false,"robots_nosnippet":false,"robots_nofollow":false,"robots_noimageindex":false,"robots_noodp":false,"robots_notranslate":false,"robots_max_snippet":"-1","robots_max_videopreview":"-1","robots_max_imagepreview":"large","priority":null,"frequency":"default","local_seo":null,"limit_modified_date":false,"created":"2025-01-16 04:32:00","updated":"2026-07-30 21:45:45","ai":null,"breadcrumb_settings":null,"seo_analyzer_scan_date":null},"aioseo_breadcrumb":"<div class=\"aioseo-breadcrumbs\"><span class=\"aioseo-breadcrumb\">\n\t\t\t<a href=\"https:\/\/puertoacapulco.com.mx\" title=\"Home\">Home<\/a>\n\t\t<\/span><span class=\"aioseo-breadcrumb-separator\">&raquo;<\/span><span class=\"aioseo-breadcrumb\">\n\t\t\t<a href=\"https:\/\/puertoacapulco.com.mx\/index.php\/category\/blog\/\" title=\"Blog\">Blog<\/a>\n\t\t<\/span><span class=\"aioseo-breadcrumb-separator\">&raquo;<\/span><span class=\"aioseo-breadcrumb\">\n\t\t\tDEVELACI\u00d3N DEL MURAL \u201cGUERRERO N\u00c1UTICO\u201d\n\t\t<\/span><\/div>","aioseo_breadcrumb_json":[{"label":"Home","link":"https:\/\/puertoacapulco.com.mx"},{"label":"Blog","link":"https:\/\/puertoacapulco.com.mx\/index.php\/category\/blog\/"},{"label":"DEVELACI\u00d3N DEL MURAL \u201cGUERRERO N\u00c1UTICO\u201d","link":"https:\/\/puertoacapulco.com.mx\/index.php\/2025\/01\/15\/develacion-del-mural-guerrero-nautico\/"}],"yoast_head":"<!-- This site is optimized with the Yoast SEO plugin v28.1 - https:\/\/yoast.com\/product\/yoast-seo-wordpress\/ -->\n<title>DEVELACI\u00d3N DEL MURAL \u201cGUERRERO N\u00c1UTICO\u201d - ASIPONA ACAPULCO<\/title>\n<meta name=\"robots\" content=\"index, follow, max-snippet:-1, max-image-preview:large, max-video-preview:-1\" \/>\n<link rel=\"canonical\" href=\"https:\/\/puertoacapulco.com.mx\/index.php\/2025\/01\/15\/develacion-del-mural-guerrero-nautico\/\" \/>\n<meta property=\"og:locale\" content=\"es_ES\" \/>\n<meta property=\"og:type\" content=\"article\" \/>\n<meta property=\"og:title\" content=\"DEVELACI\u00d3N DEL MURAL \u201cGUERRERO N\u00c1UTICO\u201d - ASIPONA ACAPULCO\" \/>\n<meta property=\"og:description\" content=\"Acapulco de Ju\u00e1rez, Gro, a 15 de enero 2025. En las instalaciones de la Administraci\u00f3n del Sistema Portuario Nacional Acapulco\" \/>\n<meta property=\"og:url\" content=\"https:\/\/puertoacapulco.com.mx\/index.php\/2025\/01\/15\/develacion-del-mural-guerrero-nautico\/\" \/>\n<meta property=\"og:site_name\" content=\"ASIPONA ACAPULCO\" \/>\n<meta property=\"article:publisher\" content=\"https:\/\/www.facebook.com\/PuertoAca\" \/>\n<meta property=\"article:published_time\" content=\"2025-01-16T04:31:58+00:00\" \/>\n<meta property=\"article:modified_time\" content=\"2025-01-16T14:35:48+00:00\" \/>\n<meta property=\"og:image\" content=\"https:\/\/puertoacapulco.com.mx\/wp-content\/uploads\/2025\/01\/473569509_603358199107839_1075908492136255840_n.jpg\" \/>\n\t<meta property=\"og:image:width\" content=\"2048\" \/>\n\t<meta property=\"og:image:height\" content=\"1717\" \/>\n\t<meta property=\"og:image:type\" content=\"image\/jpeg\" \/>\n<meta name=\"author\" content=\"root\" \/>\n<meta name=\"twitter:card\" content=\"summary_large_image\" \/>\n<meta name=\"twitter:creator\" content=\"@PuertoAca\" \/>\n<meta name=\"twitter:site\" content=\"@PuertoAca\" \/>\n<meta name=\"twitter:label1\" content=\"Escrito por\" \/>\n\t<meta name=\"twitter:data1\" content=\"root\" \/>\n\t<meta name=\"twitter:label2\" content=\"Tiempo de lectura\" \/>\n\t<meta name=\"twitter:data2\" content=\"4 minutos\" \/>\n<script type=\"application\/ld+json\" class=\"yoast-schema-graph\">{\"@context\":\"https:\\\/\\\/schema.org\",\"@graph\":[{\"@type\":\"Article\",\"@id\":\"https:\\\/\\\/puertoacapulco.com.mx\\\/index.php\\\/2025\\\/01\\\/15\\\/develacion-del-mural-guerrero-nautico\\\/#article\",\"isPartOf\":{\"@id\":\"https:\\\/\\\/puertoacapulco.com.mx\\\/index.php\\\/2025\\\/01\\\/15\\\/develacion-del-mural-guerrero-nautico\\\/\"},\"author\":{\"name\":\"root\",\"@id\":\"https:\\\/\\\/puertoacapulco.com.mx\\\/#\\\/schema\\\/person\\\/a81945735659b905fd215afb558c1175\"},\"headline\":\"DEVELACI\u00d3N DEL MURAL \u201cGUERRERO N\u00c1UTICO\u201d\",\"datePublished\":\"2025-01-16T04:31:58+00:00\",\"dateModified\":\"2025-01-16T14:35:48+00:00\",\"mainEntityOfPage\":{\"@id\":\"https:\\\/\\\/puertoacapulco.com.mx\\\/index.php\\\/2025\\\/01\\\/15\\\/develacion-del-mural-guerrero-nautico\\\/\"},\"wordCount\":489,\"publisher\":{\"@id\":\"https:\\\/\\\/puertoacapulco.com.mx\\\/#organization\"},\"image\":{\"@id\":\"https:\\\/\\\/puertoacapulco.com.mx\\\/index.php\\\/2025\\\/01\\\/15\\\/develacion-del-mural-guerrero-nautico\\\/#primaryimage\"},\"thumbnailUrl\":\"https:\\\/\\\/puertoacapulco.com.mx\\\/wp-content\\\/uploads\\\/2025\\\/01\\\/473569509_603358199107839_1075908492136255840_n.jpg\",\"articleSection\":[\"Blog\"],\"inLanguage\":\"es\"},{\"@type\":\"WebPage\",\"@id\":\"https:\\\/\\\/puertoacapulco.com.mx\\\/index.php\\\/2025\\\/01\\\/15\\\/develacion-del-mural-guerrero-nautico\\\/\",\"url\":\"https:\\\/\\\/puertoacapulco.com.mx\\\/index.php\\\/2025\\\/01\\\/15\\\/develacion-del-mural-guerrero-nautico\\\/\",\"name\":\"DEVELACI\u00d3N DEL MURAL \u201cGUERRERO N\u00c1UTICO\u201d - ASIPONA ACAPULCO\",\"isPartOf\":{\"@id\":\"https:\\\/\\\/puertoacapulco.com.mx\\\/#website\"},\"primaryImageOfPage\":{\"@id\":\"https:\\\/\\\/puertoacapulco.com.mx\\\/index.php\\\/2025\\\/01\\\/15\\\/develacion-del-mural-guerrero-nautico\\\/#primaryimage\"},\"image\":{\"@id\":\"https:\\\/\\\/puertoacapulco.com.mx\\\/index.php\\\/2025\\\/01\\\/15\\\/develacion-del-mural-guerrero-nautico\\\/#primaryimage\"},\"thumbnailUrl\":\"https:\\\/\\\/puertoacapulco.com.mx\\\/wp-content\\\/uploads\\\/2025\\\/01\\\/473569509_603358199107839_1075908492136255840_n.jpg\",\"datePublished\":\"2025-01-16T04:31:58+00:00\",\"dateModified\":\"2025-01-16T14:35:48+00:00\",\"breadcrumb\":{\"@id\":\"https:\\\/\\\/puertoacapulco.com.mx\\\/index.php\\\/2025\\\/01\\\/15\\\/develacion-del-mural-guerrero-nautico\\\/#breadcrumb\"},\"inLanguage\":\"es\",\"potentialAction\":[{\"@type\":\"ReadAction\",\"target\":[\"https:\\\/\\\/puertoacapulco.com.mx\\\/index.php\\\/2025\\\/01\\\/15\\\/develacion-del-mural-guerrero-nautico\\\/\"]}]},{\"@type\":\"ImageObject\",\"inLanguage\":\"es\",\"@id\":\"https:\\\/\\\/puertoacapulco.com.mx\\\/index.php\\\/2025\\\/01\\\/15\\\/develacion-del-mural-guerrero-nautico\\\/#primaryimage\",\"url\":\"https:\\\/\\\/puertoacapulco.com.mx\\\/wp-content\\\/uploads\\\/2025\\\/01\\\/473569509_603358199107839_1075908492136255840_n.jpg\",\"contentUrl\":\"https:\\\/\\\/puertoacapulco.com.mx\\\/wp-content\\\/uploads\\\/2025\\\/01\\\/473569509_603358199107839_1075908492136255840_n.jpg\",\"width\":2048,\"height\":1717},{\"@type\":\"BreadcrumbList\",\"@id\":\"https:\\\/\\\/puertoacapulco.com.mx\\\/index.php\\\/2025\\\/01\\\/15\\\/develacion-del-mural-guerrero-nautico\\\/#breadcrumb\",\"itemListElement\":[{\"@type\":\"ListItem\",\"position\":1,\"name\":\"Portada\",\"item\":\"https:\\\/\\\/puertoacapulco.com.mx\\\/\"},{\"@type\":\"ListItem\",\"position\":2,\"name\":\"DEVELACI\u00d3N DEL MURAL \u201cGUERRERO N\u00c1UTICO\u201d\"}]},{\"@type\":\"WebSite\",\"@id\":\"https:\\\/\\\/puertoacapulco.com.mx\\\/#website\",\"url\":\"https:\\\/\\\/puertoacapulco.com.mx\\\/\",\"name\":\"ASIPONA ACAPULCO\",\"description\":\"Administraci\u00f3n del Sistema Portuario Nacional Acapulco, S.A. de C.V.\",\"publisher\":{\"@id\":\"https:\\\/\\\/puertoacapulco.com.mx\\\/#organization\"},\"potentialAction\":[{\"@type\":\"SearchAction\",\"target\":{\"@type\":\"EntryPoint\",\"urlTemplate\":\"https:\\\/\\\/puertoacapulco.com.mx\\\/?s={search_term_string}\"},\"query-input\":{\"@type\":\"PropertyValueSpecification\",\"valueRequired\":true,\"valueName\":\"search_term_string\"}}],\"inLanguage\":\"es\"},{\"@type\":\"Organization\",\"@id\":\"https:\\\/\\\/puertoacapulco.com.mx\\\/#organization\",\"name\":\"ASIPONA ACAPULCO\",\"url\":\"https:\\\/\\\/puertoacapulco.com.mx\\\/\",\"logo\":{\"@type\":\"ImageObject\",\"inLanguage\":\"es\",\"@id\":\"https:\\\/\\\/puertoacapulco.com.mx\\\/#\\\/schema\\\/logo\\\/image\\\/\",\"url\":\"https:\\\/\\\/puertoacapulco.com.mx\\\/wp-content\\\/uploads\\\/2023\\\/09\\\/cropped-LOGO-ASIPONA-EN-CURVAS-COLOR-BLANCO-Y-NEGRO-01-1.png\",\"contentUrl\":\"https:\\\/\\\/puertoacapulco.com.mx\\\/wp-content\\\/uploads\\\/2023\\\/09\\\/cropped-LOGO-ASIPONA-EN-CURVAS-COLOR-BLANCO-Y-NEGRO-01-1.png\",\"width\":2838,\"height\":3005,\"caption\":\"ASIPONA ACAPULCO\"},\"image\":{\"@id\":\"https:\\\/\\\/puertoacapulco.com.mx\\\/#\\\/schema\\\/logo\\\/image\\\/\"},\"sameAs\":[\"https:\\\/\\\/www.facebook.com\\\/PuertoAca\",\"https:\\\/\\\/x.com\\\/PuertoAca\"]},{\"@type\":\"Person\",\"@id\":\"https:\\\/\\\/puertoacapulco.com.mx\\\/#\\\/schema\\\/person\\\/a81945735659b905fd215afb558c1175\",\"name\":\"root\",\"image\":{\"@type\":\"ImageObject\",\"inLanguage\":\"es\",\"@id\":\"https:\\\/\\\/secure.gravatar.com\\\/avatar\\\/738bba1cd741ab8441cefc84b318de3f38243d4968f99d4f08f6c223ad239689?s=96&d=mm&r=g\",\"url\":\"https:\\\/\\\/secure.gravatar.com\\\/avatar\\\/738bba1cd741ab8441cefc84b318de3f38243d4968f99d4f08f6c223ad239689?s=96&d=mm&r=g\",\"contentUrl\":\"https:\\\/\\\/secure.gravatar.com\\\/avatar\\\/738bba1cd741ab8441cefc84b318de3f38243d4968f99d4f08f6c223ad239689?s=96&d=mm&r=g\",\"caption\":\"root\"},\"sameAs\":[\"https:\\\/\\\/puertoacapulco.com.mx\"],\"url\":\"https:\\\/\\\/puertoacapulco.com.mx\\\/index.php\\\/author\\\/root\\\/\"}]}<\/script>\n<!-- \/ Yoast SEO plugin. -->","yoast_head_json":{"title":"DEVELACI\u00d3N DEL MURAL \u201cGUERRERO N\u00c1UTICO\u201d - ASIPONA ACAPULCO","robots":{"index":"index","follow":"follow","max-snippet":"max-snippet:-1","max-image-preview":"max-image-preview:large","max-video-preview":"max-video-preview:-1"},"canonical":"https:\/\/puertoacapulco.com.mx\/index.php\/2025\/01\/15\/develacion-del-mural-guerrero-nautico\/","og_locale":"es_ES","og_type":"article","og_title":"DEVELACI\u00d3N DEL MURAL \u201cGUERRERO N\u00c1UTICO\u201d - ASIPONA ACAPULCO","og_description":"Acapulco de Ju\u00e1rez, Gro, a 15 de enero 2025. En las instalaciones de la Administraci\u00f3n del Sistema Portuario Nacional Acapulco","og_url":"https:\/\/puertoacapulco.com.mx\/index.php\/2025\/01\/15\/develacion-del-mural-guerrero-nautico\/","og_site_name":"ASIPONA ACAPULCO","article_publisher":"https:\/\/www.facebook.com\/PuertoAca","article_published_time":"2025-01-16T04:31:58+00:00","article_modified_time":"2025-01-16T14:35:48+00:00","og_image":[{"width":2048,"height":1717,"url":"https:\/\/puertoacapulco.com.mx\/wp-content\/uploads\/2025\/01\/473569509_603358199107839_1075908492136255840_n.jpg","type":"image\/jpeg"}],"author":"root","twitter_card":"summary_large_image","twitter_creator":"@PuertoAca","twitter_site":"@PuertoAca","twitter_misc":{"Escrito por":"root","Tiempo de lectura":"4 minutos"},"schema":{"@context":"https:\/\/schema.org","@graph":[{"@type":"Article","@id":"https:\/\/puertoacapulco.com.mx\/index.php\/2025\/01\/15\/develacion-del-mural-guerrero-nautico\/#article","isPartOf":{"@id":"https:\/\/puertoacapulco.com.mx\/index.php\/2025\/01\/15\/develacion-del-mural-guerrero-nautico\/"},"author":{"name":"root","@id":"https:\/\/puertoacapulco.com.mx\/#\/schema\/person\/a81945735659b905fd215afb558c1175"},"headline":"DEVELACI\u00d3N DEL MURAL \u201cGUERRERO N\u00c1UTICO\u201d","datePublished":"2025-01-16T04:31:58+00:00","dateModified":"2025-01-16T14:35:48+00:00","mainEntityOfPage":{"@id":"https:\/\/puertoacapulco.com.mx\/index.php\/2025\/01\/15\/develacion-del-mural-guerrero-nautico\/"},"wordCount":489,"publisher":{"@id":"https:\/\/puertoacapulco.com.mx\/#organization"},"image":{"@id":"https:\/\/puertoacapulco.com.mx\/index.php\/2025\/01\/15\/develacion-del-mural-guerrero-nautico\/#primaryimage"},"thumbnailUrl":"https:\/\/puertoacapulco.com.mx\/wp-content\/uploads\/2025\/01\/473569509_603358199107839_1075908492136255840_n.jpg","articleSection":["Blog"],"inLanguage":"es"},{"@type":"WebPage","@id":"https:\/\/puertoacapulco.com.mx\/index.php\/2025\/01\/15\/develacion-del-mural-guerrero-nautico\/","url":"https:\/\/puertoacapulco.com.mx\/index.php\/2025\/01\/15\/develacion-del-mural-guerrero-nautico\/","name":"DEVELACI\u00d3N DEL MURAL \u201cGUERRERO N\u00c1UTICO\u201d - ASIPONA ACAPULCO","isPartOf":{"@id":"https:\/\/puertoacapulco.com.mx\/#website"},"primaryImageOfPage":{"@id":"https:\/\/puertoacapulco.com.mx\/index.php\/2025\/01\/15\/develacion-del-mural-guerrero-nautico\/#primaryimage"},"image":{"@id":"https:\/\/puertoacapulco.com.mx\/index.php\/2025\/01\/15\/develacion-del-mural-guerrero-nautico\/#primaryimage"},"thumbnailUrl":"https:\/\/puertoacapulco.com.mx\/wp-content\/uploads\/2025\/01\/473569509_603358199107839_1075908492136255840_n.jpg","datePublished":"2025-01-16T04:31:58+00:00","dateModified":"2025-01-16T14:35:48+00:00","breadcrumb":{"@id":"https:\/\/puertoacapulco.com.mx\/index.php\/2025\/01\/15\/develacion-del-mural-guerrero-nautico\/#breadcrumb"},"inLanguage":"es","potentialAction":[{"@type":"ReadAction","target":["https:\/\/puertoacapulco.com.mx\/index.php\/2025\/01\/15\/develacion-del-mural-guerrero-nautico\/"]}]},{"@type":"ImageObject","inLanguage":"es","@id":"https:\/\/puertoacapulco.com.mx\/index.php\/2025\/01\/15\/develacion-del-mural-guerrero-nautico\/#primaryimage","url":"https:\/\/puertoacapulco.com.mx\/wp-content\/uploads\/2025\/01\/473569509_603358199107839_1075908492136255840_n.jpg","contentUrl":"https:\/\/puertoacapulco.com.mx\/wp-content\/uploads\/2025\/01\/473569509_603358199107839_1075908492136255840_n.jpg","width":2048,"height":1717},{"@type":"BreadcrumbList","@id":"https:\/\/puertoacapulco.com.mx\/index.php\/2025\/01\/15\/develacion-del-mural-guerrero-nautico\/#breadcrumb","itemListElement":[{"@type":"ListItem","position":1,"name":"Portada","item":"https:\/\/puertoacapulco.com.mx\/"},{"@type":"ListItem","position":2,"name":"DEVELACI\u00d3N DEL MURAL \u201cGUERRERO N\u00c1UTICO\u201d"}]},{"@type":"WebSite","@id":"https:\/\/puertoacapulco.com.mx\/#website","url":"https:\/\/puertoacapulco.com.mx\/","name":"ASIPONA ACAPULCO","description":"Administraci\u00f3n del Sistema Portuario Nacional Acapulco, S.A. de C.V.","publisher":{"@id":"https:\/\/puertoacapulco.com.mx\/#organization"},"potentialAction":[{"@type":"SearchAction","target":{"@type":"EntryPoint","urlTemplate":"https:\/\/puertoacapulco.com.mx\/?s={search_term_string}"},"query-input":{"@type":"PropertyValueSpecification","valueRequired":true,"valueName":"search_term_string"}}],"inLanguage":"es"},{"@type":"Organization","@id":"https:\/\/puertoacapulco.com.mx\/#organization","name":"ASIPONA ACAPULCO","url":"https:\/\/puertoacapulco.com.mx\/","logo":{"@type":"ImageObject","inLanguage":"es","@id":"https:\/\/puertoacapulco.com.mx\/#\/schema\/logo\/image\/","url":"https:\/\/puertoacapulco.com.mx\/wp-content\/uploads\/2023\/09\/cropped-LOGO-ASIPONA-EN-CURVAS-COLOR-BLANCO-Y-NEGRO-01-1.png","contentUrl":"https:\/\/puertoacapulco.com.mx\/wp-content\/uploads\/2023\/09\/cropped-LOGO-ASIPONA-EN-CURVAS-COLOR-BLANCO-Y-NEGRO-01-1.png","width":2838,"height":3005,"caption":"ASIPONA ACAPULCO"},"image":{"@id":"https:\/\/puertoacapulco.com.mx\/#\/schema\/logo\/image\/"},"sameAs":["https:\/\/www.facebook.com\/PuertoAca","https:\/\/x.com\/PuertoAca"]},{"@type":"Person","@id":"https:\/\/puertoacapulco.com.mx\/#\/schema\/person\/a81945735659b905fd215afb558c1175","name":"root","image":{"@type":"ImageObject","inLanguage":"es","@id":"https:\/\/secure.gravatar.com\/avatar\/738bba1cd741ab8441cefc84b318de3f38243d4968f99d4f08f6c223ad239689?s=96&d=mm&r=g","url":"https:\/\/secure.gravatar.com\/avatar\/738bba1cd741ab8441cefc84b318de3f38243d4968f99d4f08f6c223ad239689?s=96&d=mm&r=g","contentUrl":"https:\/\/secure.gravatar.com\/avatar\/738bba1cd741ab8441cefc84b318de3f38243d4968f99d4f08f6c223ad239689?s=96&d=mm&r=g","caption":"root"},"sameAs":["https:\/\/puertoacapulco.com.mx"],"url":"https:\/\/puertoacapulco.com.mx\/index.php\/author\/root\/"}]}},"_links":{"self":[{"href":"https:\/\/puertoacapulco.com.mx\/index.php\/wp-json\/wp\/v2\/posts\/1979","targetHints":{"allow":["GET"]}}],"collection":[{"href":"https:\/\/puertoacapulco.com.mx\/index.php\/wp-json\/wp\/v2\/posts"}],"about":[{"href":"https:\/\/puertoacapulco.com.mx\/index.php\/wp-json\/wp\/v2\/types\/post"}],"author":[{"embeddable":true,"href":"https:\/\/puertoacapulco.com.mx\/index.php\/wp-json\/wp\/v2\/users\/1"}],"replies":[{"embeddable":true,"href":"https:\/\/puertoacapulco.com.mx\/index.php\/wp-json\/wp\/v2\/comments?post=1979"}],"version-history":[{"count":5,"href":"https:\/\/puertoacapulco.com.mx\/index.php\/wp-json\/wp\/v2\/posts\/1979\/revisions"}],"predecessor-version":[{"id":2007,"href":"https:\/\/puertoacapulco.com.mx\/index.php\/wp-json\/wp\/v2\/posts\/1979\/revisions\/2007"}],"wp:featuredmedia":[{"embeddable":true,"href":"https:\/\/puertoacapulco.com.mx\/index.php\/wp-json\/wp\/v2\/media\/1989"}],"wp:attachment":[{"href":"https:\/\/puertoacapulco.com.mx\/index.php\/wp-json\/wp\/v2\/media?parent=1979"}],"wp:term":[{"taxonomy":"category","embeddable":true,"href":"https:\/\/puertoacapulco.com.mx\/index.php\/wp-json\/wp\/v2\/categories?post=1979"},{"taxonomy":"post_tag","embeddable":true,"href":"https:\/\/puertoacapulco.com.mx\/index.php\/wp-json\/wp\/v2\/tags?post=1979"}],"curies":[{"name":"wp","href":"https:\/\/api.w.org\/{rel}","templated":true}]}}