{"id":1522,"date":"2024-03-13T08:21:32","date_gmt":"2024-03-13T14:21:32","guid":{"rendered":"https:\/\/puertoacapulco.com.mx\/?p=1522"},"modified":"2024-03-14T08:41:57","modified_gmt":"2024-03-14T14:41:57","slug":"la-asipona-acapulco-recibe-el-crucero-vasco-da-gama","status":"publish","type":"post","link":"https:\/\/puertoacapulco.com.mx\/index.php\/2024\/03\/13\/la-asipona-acapulco-recibe-el-crucero-vasco-da-gama\/","title":{"rendered":"\u00a1LA ASIPONA ACAPULCO RECIBE EL CRUCERO VASCO DA GAMA!"},"content":{"rendered":"\n<p><\/p>\n\n\n\n<p style=\"text-align: justify; text-transform: none;\"><b>Acapulco de Ju\u00e1rez, Guerrero, 13 de marzo del 2024, <\/b>La Administraci\u00f3n del Sistema Portuario Nacional Acapulco (ASIPONA Acapulco), recibe hoy el Crucero VASCO DA GAMA con Bandera de Portugal, de la linea naviera MYSTIC CRUISES AS, proveniente de Puerto Vallarta, atracando en el muelle la Terminal Portuaria a las 11:50 hrs.<\/p>\n\n\n\n<figure class=\"wp-block-gallery has-nested-images columns-default is-cropped wp-block-gallery-1 is-layout-flex wp-block-gallery-is-layout-flex\">\n<figure class=\"wp-block-image size-large\"><img decoding=\"async\" loading=\"lazy\" width=\"1024\" height=\"771\" data-id=\"1561\" src=\"https:\/\/puertoacapulco.com.mx\/wp-content\/uploads\/2024\/03\/1-Portada-1024x771.jpg\" alt=\"\" class=\"wp-image-1561\" srcset=\"https:\/\/puertoacapulco.com.mx\/wp-content\/uploads\/2024\/03\/1-Portada-1024x771.jpg 1024w, https:\/\/puertoacapulco.com.mx\/wp-content\/uploads\/2024\/03\/1-Portada-300x226.jpg 300w, https:\/\/puertoacapulco.com.mx\/wp-content\/uploads\/2024\/03\/1-Portada-768x578.jpg 768w, https:\/\/puertoacapulco.com.mx\/wp-content\/uploads\/2024\/03\/1-Portada-1536x1156.jpg 1536w, https:\/\/puertoacapulco.com.mx\/wp-content\/uploads\/2024\/03\/1-Portada.jpg 1600w\" sizes=\"(max-width: 1024px) 100vw, 1024px\" \/><\/figure>\n<\/figure>\n\n\n\n<p style=\"text-align: justify; text-transform: none;\">El evento estuvo marcado por ser el primer arribo de dicho crucero, el Vicealmirante Raymundo S\u00e1nchez L\u00f3pez entreg\u00f3 la placa conmemorativa al Capitan FIRSOV ADRIAN. <\/p><br>\n\n\n\n<figure class=\"wp-block-image size-large\"><img decoding=\"async\" loading=\"lazy\" width=\"1024\" height=\"768\" src=\"https:\/\/puertoacapulco.com.mx\/wp-content\/uploads\/2024\/03\/Foto-2-1024x768.jpg\" alt=\"\" class=\"wp-image-1564\" srcset=\"https:\/\/puertoacapulco.com.mx\/wp-content\/uploads\/2024\/03\/Foto-2-1024x768.jpg 1024w, https:\/\/puertoacapulco.com.mx\/wp-content\/uploads\/2024\/03\/Foto-2-300x225.jpg 300w, https:\/\/puertoacapulco.com.mx\/wp-content\/uploads\/2024\/03\/Foto-2-768x576.jpg 768w, https:\/\/puertoacapulco.com.mx\/wp-content\/uploads\/2024\/03\/Foto-2-1536x1152.jpg 1536w, https:\/\/puertoacapulco.com.mx\/wp-content\/uploads\/2024\/03\/Foto-2-2048x1536.jpg 2048w\" sizes=\"(max-width: 1024px) 100vw, 1024px\" \/><\/figure>\n\n\n\n<p style=\"text-align: justify; text-transform: none;\">Ambos intercambiaron impresiones positivas de nuestro puerto de Acapulco, buenos deseos y agradecimiento por la visita.  <\/p><br>\n\n\n\n<figure class=\"wp-block-image size-large\"><img decoding=\"async\" loading=\"lazy\" width=\"1024\" height=\"768\" src=\"https:\/\/puertoacapulco.com.mx\/wp-content\/uploads\/2024\/03\/Foto-3-1024x768.jpg\" alt=\"\" class=\"wp-image-1565\" srcset=\"https:\/\/puertoacapulco.com.mx\/wp-content\/uploads\/2024\/03\/Foto-3-1024x768.jpg 1024w, https:\/\/puertoacapulco.com.mx\/wp-content\/uploads\/2024\/03\/Foto-3-300x225.jpg 300w, https:\/\/puertoacapulco.com.mx\/wp-content\/uploads\/2024\/03\/Foto-3-768x576.jpg 768w, https:\/\/puertoacapulco.com.mx\/wp-content\/uploads\/2024\/03\/Foto-3-1536x1152.jpg 1536w, https:\/\/puertoacapulco.com.mx\/wp-content\/uploads\/2024\/03\/Foto-3-2048x1536.jpg 2048w\" sizes=\"(max-width: 1024px) 100vw, 1024px\" \/><\/figure>\n\n\n\n<p style=\"text-align: justify; text-transform: none;\">En la ASIPONA Acapulco le damos la bienvenida a 793 pasajero y 490 tripulantes, esperando que esta visita sea de su total agrado. <\/p><br>\n\n\n\n<figure class=\"wp-block-image size-large\"><img decoding=\"async\" loading=\"lazy\" width=\"1024\" height=\"779\" src=\"https:\/\/puertoacapulco.com.mx\/wp-content\/uploads\/2024\/03\/Foto-4-1024x779.jpg\" alt=\"\" class=\"wp-image-1566\" srcset=\"https:\/\/puertoacapulco.com.mx\/wp-content\/uploads\/2024\/03\/Foto-4-1024x779.jpg 1024w, https:\/\/puertoacapulco.com.mx\/wp-content\/uploads\/2024\/03\/Foto-4-300x228.jpg 300w, https:\/\/puertoacapulco.com.mx\/wp-content\/uploads\/2024\/03\/Foto-4-768x584.jpg 768w, https:\/\/puertoacapulco.com.mx\/wp-content\/uploads\/2024\/03\/Foto-4-1536x1168.jpg 1536w, https:\/\/puertoacapulco.com.mx\/wp-content\/uploads\/2024\/03\/Foto-4-2048x1557.jpg 2048w\" sizes=\"(max-width: 1024px) 100vw, 1024px\" \/><\/figure>\n\n\n\n<p style=\"text-align: justify; text-transform: none;\">Este arribo es resultado de los trabajos conjuntos que han realizado los tres \u00f3rdenes de gobierno, la comunidad portuaria y la ASIPONA Acapulco.  <\/p>\n\n\n\n<figure class=\"wp-block-image size-large\"><img decoding=\"async\" loading=\"lazy\" width=\"1024\" height=\"768\" src=\"https:\/\/puertoacapulco.com.mx\/wp-content\/uploads\/2024\/03\/Foto-6-1024x768.jpg\" alt=\"\" class=\"wp-image-1567\" srcset=\"https:\/\/puertoacapulco.com.mx\/wp-content\/uploads\/2024\/03\/Foto-6-1024x768.jpg 1024w, https:\/\/puertoacapulco.com.mx\/wp-content\/uploads\/2024\/03\/Foto-6-300x225.jpg 300w, https:\/\/puertoacapulco.com.mx\/wp-content\/uploads\/2024\/03\/Foto-6-768x576.jpg 768w, https:\/\/puertoacapulco.com.mx\/wp-content\/uploads\/2024\/03\/Foto-6-1536x1152.jpg 1536w, https:\/\/puertoacapulco.com.mx\/wp-content\/uploads\/2024\/03\/Foto-6-2048x1536.jpg 2048w\" sizes=\"(max-width: 1024px) 100vw, 1024px\" \/><\/figure>\n\n\n\n<p style=\"text-align: justify; text-transform: none;\">La citada Administraci\u00f3n seguir\u00e1 implementando estrategias comerciales para darle continuidad al desarrollo portuario en la zona y el crecimiento de la industria de cruceros.  <\/p><br>\n\n\n\n<figure class=\"wp-block-gallery has-nested-images columns-default is-cropped wp-block-gallery-3 is-layout-flex wp-block-gallery-is-layout-flex\">\n<figure class=\"wp-block-image size-large\"><img decoding=\"async\" loading=\"lazy\" width=\"1024\" height=\"527\" data-id=\"1573\" src=\"https:\/\/puertoacapulco.com.mx\/wp-content\/uploads\/2024\/03\/Aereas-1024x527.jpg\" alt=\"\" class=\"wp-image-1573\" srcset=\"https:\/\/puertoacapulco.com.mx\/wp-content\/uploads\/2024\/03\/Aereas-1024x527.jpg 1024w, https:\/\/puertoacapulco.com.mx\/wp-content\/uploads\/2024\/03\/Aereas-300x154.jpg 300w, https:\/\/puertoacapulco.com.mx\/wp-content\/uploads\/2024\/03\/Aereas-768x395.jpg 768w, https:\/\/puertoacapulco.com.mx\/wp-content\/uploads\/2024\/03\/Aereas-1536x791.jpg 1536w, https:\/\/puertoacapulco.com.mx\/wp-content\/uploads\/2024\/03\/Aereas.jpg 2048w\" sizes=\"(max-width: 1024px) 100vw, 1024px\" \/><\/figure>\n<\/figure>\n\n\n\n<p style=\"text-align: justify; text-transform: none;\">El Crucero VASCO DA GAMA tiene programado su despacho hoy a las 17:00 hrs, con destino a Puerto Quetzal Guatemala. Esperando su pronto retorno a este su Puerto. <\/p><br>\n","protected":false},"excerpt":{"rendered":"<p>Acapulco de Ju\u00e1rez, Guerrero, 13 de marzo del 2024, La Administraci\u00f3n del Sistema Portuario Nacional Acapulco (ASIPONA Acapulco), recibe hoy<\/p>\n","protected":false},"author":1,"featured_media":1561,"comment_status":"closed","ping_status":"closed","sticky":false,"template":"","format":"standard","meta":{"footnotes":""},"categories":[1],"tags":[],"aioseo_notices":[],"yoast_head":"<!-- This site is optimized with the Yoast SEO plugin v22.1 - https:\/\/yoast.com\/wordpress\/plugins\/seo\/ -->\n<title>\u00a1LA ASIPONA ACAPULCO RECIBE EL CRUCERO VASCO DA GAMA! - ASIPONA ACAPULCO<\/title>\n<meta name=\"robots\" content=\"index, follow, max-snippet:-1, max-image-preview:large, max-video-preview:-1\" \/>\n<link rel=\"canonical\" href=\"https:\/\/puertoacapulco.com.mx\/index.php\/2024\/03\/13\/la-asipona-acapulco-recibe-el-crucero-vasco-da-gama\/\" \/>\n<meta property=\"og:locale\" content=\"es_ES\" \/>\n<meta property=\"og:type\" content=\"article\" \/>\n<meta property=\"og:title\" content=\"\u00a1LA ASIPONA ACAPULCO RECIBE EL CRUCERO VASCO DA GAMA! - ASIPONA ACAPULCO\" \/>\n<meta property=\"og:description\" content=\"Acapulco de Ju\u00e1rez, Guerrero, 13 de marzo del 2024, La Administraci\u00f3n del Sistema Portuario Nacional Acapulco (ASIPONA Acapulco), recibe hoy\" \/>\n<meta property=\"og:url\" content=\"https:\/\/puertoacapulco.com.mx\/index.php\/2024\/03\/13\/la-asipona-acapulco-recibe-el-crucero-vasco-da-gama\/\" \/>\n<meta property=\"og:site_name\" content=\"ASIPONA ACAPULCO\" \/>\n<meta property=\"article:publisher\" content=\"https:\/\/www.facebook.com\/PuertoAca\" \/>\n<meta property=\"article:published_time\" content=\"2024-03-13T14:21:32+00:00\" \/>\n<meta property=\"article:modified_time\" content=\"2024-03-14T14:41:57+00:00\" \/>\n<meta property=\"og:image\" content=\"https:\/\/puertoacapulco.com.mx\/wp-content\/uploads\/2024\/03\/1-Portada.jpg\" \/>\n\t<meta property=\"og:image:width\" content=\"1600\" \/>\n\t<meta property=\"og:image:height\" content=\"1204\" \/>\n\t<meta property=\"og:image:type\" content=\"image\/jpeg\" \/>\n<meta name=\"author\" content=\"root\" \/>\n<meta name=\"twitter:card\" content=\"summary_large_image\" \/>\n<meta name=\"twitter:creator\" content=\"@PuertoAca\" \/>\n<meta name=\"twitter:site\" content=\"@PuertoAca\" \/>\n<meta name=\"twitter:label1\" content=\"Escrito por\" \/>\n\t<meta name=\"twitter:data1\" content=\"root\" \/>\n\t<meta name=\"twitter:label2\" content=\"Tiempo de lectura\" \/>\n\t<meta name=\"twitter:data2\" content=\"3 minutos\" \/>\n<script type=\"application\/ld+json\" class=\"yoast-schema-graph\">{\"@context\":\"https:\/\/schema.org\",\"@graph\":[{\"@type\":\"Article\",\"@id\":\"https:\/\/puertoacapulco.com.mx\/index.php\/2024\/03\/13\/la-asipona-acapulco-recibe-el-crucero-vasco-da-gama\/#article\",\"isPartOf\":{\"@id\":\"https:\/\/puertoacapulco.com.mx\/index.php\/2024\/03\/13\/la-asipona-acapulco-recibe-el-crucero-vasco-da-gama\/\"},\"author\":{\"name\":\"root\",\"@id\":\"https:\/\/puertoacapulco.com.mx\/#\/schema\/person\/a81945735659b905fd215afb558c1175\"},\"headline\":\"\u00a1LA ASIPONA ACAPULCO RECIBE EL CRUCERO VASCO DA GAMA!\",\"datePublished\":\"2024-03-13T14:21:32+00:00\",\"dateModified\":\"2024-03-14T14:41:57+00:00\",\"mainEntityOfPage\":{\"@id\":\"https:\/\/puertoacapulco.com.mx\/index.php\/2024\/03\/13\/la-asipona-acapulco-recibe-el-crucero-vasco-da-gama\/\"},\"wordCount\":198,\"publisher\":{\"@id\":\"https:\/\/puertoacapulco.com.mx\/#organization\"},\"articleSection\":[\"Blog\"],\"inLanguage\":\"es\"},{\"@type\":\"WebPage\",\"@id\":\"https:\/\/puertoacapulco.com.mx\/index.php\/2024\/03\/13\/la-asipona-acapulco-recibe-el-crucero-vasco-da-gama\/\",\"url\":\"https:\/\/puertoacapulco.com.mx\/index.php\/2024\/03\/13\/la-asipona-acapulco-recibe-el-crucero-vasco-da-gama\/\",\"name\":\"\u00a1LA ASIPONA ACAPULCO RECIBE EL CRUCERO VASCO DA GAMA! - ASIPONA ACAPULCO\",\"isPartOf\":{\"@id\":\"https:\/\/puertoacapulco.com.mx\/#website\"},\"datePublished\":\"2024-03-13T14:21:32+00:00\",\"dateModified\":\"2024-03-14T14:41:57+00:00\",\"breadcrumb\":{\"@id\":\"https:\/\/puertoacapulco.com.mx\/index.php\/2024\/03\/13\/la-asipona-acapulco-recibe-el-crucero-vasco-da-gama\/#breadcrumb\"},\"inLanguage\":\"es\",\"potentialAction\":[{\"@type\":\"ReadAction\",\"target\":[\"https:\/\/puertoacapulco.com.mx\/index.php\/2024\/03\/13\/la-asipona-acapulco-recibe-el-crucero-vasco-da-gama\/\"]}]},{\"@type\":\"BreadcrumbList\",\"@id\":\"https:\/\/puertoacapulco.com.mx\/index.php\/2024\/03\/13\/la-asipona-acapulco-recibe-el-crucero-vasco-da-gama\/#breadcrumb\",\"itemListElement\":[{\"@type\":\"ListItem\",\"position\":1,\"name\":\"Portada\",\"item\":\"https:\/\/puertoacapulco.com.mx\/\"},{\"@type\":\"ListItem\",\"position\":2,\"name\":\"\u00a1LA ASIPONA ACAPULCO RECIBE EL CRUCERO VASCO DA GAMA!\"}]},{\"@type\":\"WebSite\",\"@id\":\"https:\/\/puertoacapulco.com.mx\/#website\",\"url\":\"https:\/\/puertoacapulco.com.mx\/\",\"name\":\"ASIPONA ACAPULCO\",\"description\":\"Administraci\u00f3n del Sistema Portuario Nacional Acapulco, S.A. de C.V.\",\"publisher\":{\"@id\":\"https:\/\/puertoacapulco.com.mx\/#organization\"},\"potentialAction\":[{\"@type\":\"SearchAction\",\"target\":{\"@type\":\"EntryPoint\",\"urlTemplate\":\"https:\/\/puertoacapulco.com.mx\/?s={search_term_string}\"},\"query-input\":\"required name=search_term_string\"}],\"inLanguage\":\"es\"},{\"@type\":\"Organization\",\"@id\":\"https:\/\/puertoacapulco.com.mx\/#organization\",\"name\":\"ASIPONA ACAPULCO\",\"url\":\"https:\/\/puertoacapulco.com.mx\/\",\"logo\":{\"@type\":\"ImageObject\",\"inLanguage\":\"es\",\"@id\":\"https:\/\/puertoacapulco.com.mx\/#\/schema\/logo\/image\/\",\"url\":\"https:\/\/puertoacapulco.com.mx\/wp-content\/uploads\/2023\/09\/cropped-LOGO-ASIPONA-EN-CURVAS-COLOR-BLANCO-Y-NEGRO-01-1.png\",\"contentUrl\":\"https:\/\/puertoacapulco.com.mx\/wp-content\/uploads\/2023\/09\/cropped-LOGO-ASIPONA-EN-CURVAS-COLOR-BLANCO-Y-NEGRO-01-1.png\",\"width\":2838,\"height\":3005,\"caption\":\"ASIPONA ACAPULCO\"},\"image\":{\"@id\":\"https:\/\/puertoacapulco.com.mx\/#\/schema\/logo\/image\/\"},\"sameAs\":[\"https:\/\/www.facebook.com\/PuertoAca\",\"https:\/\/twitter.com\/PuertoAca\"]},{\"@type\":\"Person\",\"@id\":\"https:\/\/puertoacapulco.com.mx\/#\/schema\/person\/a81945735659b905fd215afb558c1175\",\"name\":\"root\",\"image\":{\"@type\":\"ImageObject\",\"inLanguage\":\"es\",\"@id\":\"https:\/\/puertoacapulco.com.mx\/#\/schema\/person\/image\/\",\"url\":\"https:\/\/secure.gravatar.com\/avatar\/a96b1ab6361d390f8192e589b82f3479?s=96&d=mm&r=g\",\"contentUrl\":\"https:\/\/secure.gravatar.com\/avatar\/a96b1ab6361d390f8192e589b82f3479?s=96&d=mm&r=g\",\"caption\":\"root\"},\"sameAs\":[\"https:\/\/puertoacapulco.com.mx\"],\"url\":\"https:\/\/puertoacapulco.com.mx\/index.php\/author\/root\/\"}]}<\/script>\n<!-- \/ Yoast SEO plugin. -->","yoast_head_json":{"title":"\u00a1LA ASIPONA ACAPULCO RECIBE EL CRUCERO VASCO DA GAMA! - ASIPONA ACAPULCO","robots":{"index":"index","follow":"follow","max-snippet":"max-snippet:-1","max-image-preview":"max-image-preview:large","max-video-preview":"max-video-preview:-1"},"canonical":"https:\/\/puertoacapulco.com.mx\/index.php\/2024\/03\/13\/la-asipona-acapulco-recibe-el-crucero-vasco-da-gama\/","og_locale":"es_ES","og_type":"article","og_title":"\u00a1LA ASIPONA ACAPULCO RECIBE EL CRUCERO VASCO DA GAMA! - ASIPONA ACAPULCO","og_description":"Acapulco de Ju\u00e1rez, Guerrero, 13 de marzo del 2024, La Administraci\u00f3n del Sistema Portuario Nacional Acapulco (ASIPONA Acapulco), recibe hoy","og_url":"https:\/\/puertoacapulco.com.mx\/index.php\/2024\/03\/13\/la-asipona-acapulco-recibe-el-crucero-vasco-da-gama\/","og_site_name":"ASIPONA ACAPULCO","article_publisher":"https:\/\/www.facebook.com\/PuertoAca","article_published_time":"2024-03-13T14:21:32+00:00","article_modified_time":"2024-03-14T14:41:57+00:00","og_image":[{"width":1600,"height":1204,"url":"https:\/\/puertoacapulco.com.mx\/wp-content\/uploads\/2024\/03\/1-Portada.jpg","type":"image\/jpeg"}],"author":"root","twitter_card":"summary_large_image","twitter_creator":"@PuertoAca","twitter_site":"@PuertoAca","twitter_misc":{"Escrito por":"root","Tiempo de lectura":"3 minutos"},"schema":{"@context":"https:\/\/schema.org","@graph":[{"@type":"Article","@id":"https:\/\/puertoacapulco.com.mx\/index.php\/2024\/03\/13\/la-asipona-acapulco-recibe-el-crucero-vasco-da-gama\/#article","isPartOf":{"@id":"https:\/\/puertoacapulco.com.mx\/index.php\/2024\/03\/13\/la-asipona-acapulco-recibe-el-crucero-vasco-da-gama\/"},"author":{"name":"root","@id":"https:\/\/puertoacapulco.com.mx\/#\/schema\/person\/a81945735659b905fd215afb558c1175"},"headline":"\u00a1LA ASIPONA ACAPULCO RECIBE EL CRUCERO VASCO DA GAMA!","datePublished":"2024-03-13T14:21:32+00:00","dateModified":"2024-03-14T14:41:57+00:00","mainEntityOfPage":{"@id":"https:\/\/puertoacapulco.com.mx\/index.php\/2024\/03\/13\/la-asipona-acapulco-recibe-el-crucero-vasco-da-gama\/"},"wordCount":198,"publisher":{"@id":"https:\/\/puertoacapulco.com.mx\/#organization"},"articleSection":["Blog"],"inLanguage":"es"},{"@type":"WebPage","@id":"https:\/\/puertoacapulco.com.mx\/index.php\/2024\/03\/13\/la-asipona-acapulco-recibe-el-crucero-vasco-da-gama\/","url":"https:\/\/puertoacapulco.com.mx\/index.php\/2024\/03\/13\/la-asipona-acapulco-recibe-el-crucero-vasco-da-gama\/","name":"\u00a1LA ASIPONA ACAPULCO RECIBE EL CRUCERO VASCO DA GAMA! - ASIPONA ACAPULCO","isPartOf":{"@id":"https:\/\/puertoacapulco.com.mx\/#website"},"datePublished":"2024-03-13T14:21:32+00:00","dateModified":"2024-03-14T14:41:57+00:00","breadcrumb":{"@id":"https:\/\/puertoacapulco.com.mx\/index.php\/2024\/03\/13\/la-asipona-acapulco-recibe-el-crucero-vasco-da-gama\/#breadcrumb"},"inLanguage":"es","potentialAction":[{"@type":"ReadAction","target":["https:\/\/puertoacapulco.com.mx\/index.php\/2024\/03\/13\/la-asipona-acapulco-recibe-el-crucero-vasco-da-gama\/"]}]},{"@type":"BreadcrumbList","@id":"https:\/\/puertoacapulco.com.mx\/index.php\/2024\/03\/13\/la-asipona-acapulco-recibe-el-crucero-vasco-da-gama\/#breadcrumb","itemListElement":[{"@type":"ListItem","position":1,"name":"Portada","item":"https:\/\/puertoacapulco.com.mx\/"},{"@type":"ListItem","position":2,"name":"\u00a1LA ASIPONA ACAPULCO RECIBE EL CRUCERO VASCO DA GAMA!"}]},{"@type":"WebSite","@id":"https:\/\/puertoacapulco.com.mx\/#website","url":"https:\/\/puertoacapulco.com.mx\/","name":"ASIPONA ACAPULCO","description":"Administraci\u00f3n del Sistema Portuario Nacional Acapulco, S.A. de C.V.","publisher":{"@id":"https:\/\/puertoacapulco.com.mx\/#organization"},"potentialAction":[{"@type":"SearchAction","target":{"@type":"EntryPoint","urlTemplate":"https:\/\/puertoacapulco.com.mx\/?s={search_term_string}"},"query-input":"required name=search_term_string"}],"inLanguage":"es"},{"@type":"Organization","@id":"https:\/\/puertoacapulco.com.mx\/#organization","name":"ASIPONA ACAPULCO","url":"https:\/\/puertoacapulco.com.mx\/","logo":{"@type":"ImageObject","inLanguage":"es","@id":"https:\/\/puertoacapulco.com.mx\/#\/schema\/logo\/image\/","url":"https:\/\/puertoacapulco.com.mx\/wp-content\/uploads\/2023\/09\/cropped-LOGO-ASIPONA-EN-CURVAS-COLOR-BLANCO-Y-NEGRO-01-1.png","contentUrl":"https:\/\/puertoacapulco.com.mx\/wp-content\/uploads\/2023\/09\/cropped-LOGO-ASIPONA-EN-CURVAS-COLOR-BLANCO-Y-NEGRO-01-1.png","width":2838,"height":3005,"caption":"ASIPONA ACAPULCO"},"image":{"@id":"https:\/\/puertoacapulco.com.mx\/#\/schema\/logo\/image\/"},"sameAs":["https:\/\/www.facebook.com\/PuertoAca","https:\/\/twitter.com\/PuertoAca"]},{"@type":"Person","@id":"https:\/\/puertoacapulco.com.mx\/#\/schema\/person\/a81945735659b905fd215afb558c1175","name":"root","image":{"@type":"ImageObject","inLanguage":"es","@id":"https:\/\/puertoacapulco.com.mx\/#\/schema\/person\/image\/","url":"https:\/\/secure.gravatar.com\/avatar\/a96b1ab6361d390f8192e589b82f3479?s=96&d=mm&r=g","contentUrl":"https:\/\/secure.gravatar.com\/avatar\/a96b1ab6361d390f8192e589b82f3479?s=96&d=mm&r=g","caption":"root"},"sameAs":["https:\/\/puertoacapulco.com.mx"],"url":"https:\/\/puertoacapulco.com.mx\/index.php\/author\/root\/"}]}},"_links":{"self":[{"href":"https:\/\/puertoacapulco.com.mx\/index.php\/wp-json\/wp\/v2\/posts\/1522"}],"collection":[{"href":"https:\/\/puertoacapulco.com.mx\/index.php\/wp-json\/wp\/v2\/posts"}],"about":[{"href":"https:\/\/puertoacapulco.com.mx\/index.php\/wp-json\/wp\/v2\/types\/post"}],"author":[{"embeddable":true,"href":"https:\/\/puertoacapulco.com.mx\/index.php\/wp-json\/wp\/v2\/users\/1"}],"replies":[{"embeddable":true,"href":"https:\/\/puertoacapulco.com.mx\/index.php\/wp-json\/wp\/v2\/comments?post=1522"}],"version-history":[{"count":9,"href":"https:\/\/puertoacapulco.com.mx\/index.php\/wp-json\/wp\/v2\/posts\/1522\/revisions"}],"predecessor-version":[{"id":1574,"href":"https:\/\/puertoacapulco.com.mx\/index.php\/wp-json\/wp\/v2\/posts\/1522\/revisions\/1574"}],"wp:featuredmedia":[{"embeddable":true,"href":"https:\/\/puertoacapulco.com.mx\/index.php\/wp-json\/wp\/v2\/media\/1561"}],"wp:attachment":[{"href":"https:\/\/puertoacapulco.com.mx\/index.php\/wp-json\/wp\/v2\/media?parent=1522"}],"wp:term":[{"taxonomy":"category","embeddable":true,"href":"https:\/\/puertoacapulco.com.mx\/index.php\/wp-json\/wp\/v2\/categories?post=1522"},{"taxonomy":"post_tag","embeddable":true,"href":"https:\/\/puertoacapulco.com.mx\/index.php\/wp-json\/wp\/v2\/tags?post=1522"}],"curies":[{"name":"wp","href":"https:\/\/api.w.org\/{rel}","templated":true}]}}